{"id":114440,"date":"2020-09-30T10:04:00","date_gmt":"2020-09-30T08:04:00","guid":{"rendered":"http:\/\/www.tucomarca.com\/wordpress\/segunda\/?p=114440"},"modified":"2020-09-30T10:04:05","modified_gmt":"2020-09-30T08:04:05","slug":"xest-celebrara-una-festes-doctubre-adaptades-a-la-situacio-de-pandemia","status":"publish","type":"post","link":"https:\/\/www.tucomarca.com\/wordpress\/segunda\/ca\/xest-celebrara-una-festes-doctubre-adaptades-a-la-situacio-de-pandemia\/","title":{"rendered":"Xest celebrar\u00e0 una festes d&#8217;octubre adaptades a la situaci\u00f3 de pand\u00e8mia"},"content":{"rendered":"\n<p>La regidoria de Festes ha preparat una programaci\u00f3 festiva totalment nova per a este mes d&#8217;octubre, tenint en compte les limitacions actuals a l&#8217;hora de celebrar actes socials, a causa de la pand\u00e8mia COVID-19.<\/p>\n\n\n\n<ul class=\"wp-block-gallery columns-2 is-cropped wp-block-gallery-1 is-layout-flex wp-block-gallery-is-layout-flex\"><li class=\"blocks-gallery-item\"><figure><img loading=\"lazy\" decoding=\"async\" width=\"724\" height=\"1024\" src=\"http:\/\/www.tucomarca.com\/wordpress\/segunda\/wp-content\/uploads\/2020\/09\/ChesteOctubre_coral-724x1024.jpg\" alt=\"\" data-id=\"114435\" data-link=\"http:\/\/www.tucomarca.com\/wordpress\/segunda\/?attachment_id=114435\" class=\"wp-image-114435\" srcset=\"https:\/\/www.tucomarca.com\/wordpress\/segunda\/wp-content\/uploads\/2020\/09\/ChesteOctubre_coral-724x1024.jpg 724w, https:\/\/www.tucomarca.com\/wordpress\/segunda\/wp-content\/uploads\/2020\/09\/ChesteOctubre_coral-212x300.jpg 212w, https:\/\/www.tucomarca.com\/wordpress\/segunda\/wp-content\/uploads\/2020\/09\/ChesteOctubre_coral-768x1086.jpg 768w, https:\/\/www.tucomarca.com\/wordpress\/segunda\/wp-content\/uploads\/2020\/09\/ChesteOctubre_coral.jpg 787w\" sizes=\"auto, (max-width: 724px) 100vw, 724px\" \/><\/figure><\/li><li class=\"blocks-gallery-item\"><figure><img loading=\"lazy\" decoding=\"async\" width=\"725\" height=\"1024\" src=\"http:\/\/www.tucomarca.com\/wordpress\/segunda\/wp-content\/uploads\/2020\/09\/ChesteOctubre_pasacalles-725x1024.jpg\" alt=\"\" data-id=\"114437\" data-link=\"http:\/\/www.tucomarca.com\/wordpress\/segunda\/?attachment_id=114437\" class=\"wp-image-114437\" srcset=\"https:\/\/www.tucomarca.com\/wordpress\/segunda\/wp-content\/uploads\/2020\/09\/ChesteOctubre_pasacalles-725x1024.jpg 725w, https:\/\/www.tucomarca.com\/wordpress\/segunda\/wp-content\/uploads\/2020\/09\/ChesteOctubre_pasacalles-212x300.jpg 212w, https:\/\/www.tucomarca.com\/wordpress\/segunda\/wp-content\/uploads\/2020\/09\/ChesteOctubre_pasacalles-768x1085.jpg 768w, https:\/\/www.tucomarca.com\/wordpress\/segunda\/wp-content\/uploads\/2020\/09\/ChesteOctubre_pasacalles.jpg 787w\" sizes=\"auto, (max-width: 725px) 100vw, 725px\" \/><\/figure><\/li><li class=\"blocks-gallery-item\"><figure><img loading=\"lazy\" decoding=\"async\" width=\"723\" height=\"1024\" src=\"http:\/\/www.tucomarca.com\/wordpress\/segunda\/wp-content\/uploads\/2020\/09\/ChesteOctubre_arte-723x1024.jpg\" alt=\"\" data-id=\"114433\" data-link=\"http:\/\/www.tucomarca.com\/wordpress\/segunda\/?attachment_id=114433\" class=\"wp-image-114433\" srcset=\"https:\/\/www.tucomarca.com\/wordpress\/segunda\/wp-content\/uploads\/2020\/09\/ChesteOctubre_arte-723x1024.jpg 723w, https:\/\/www.tucomarca.com\/wordpress\/segunda\/wp-content\/uploads\/2020\/09\/ChesteOctubre_arte-212x300.jpg 212w, https:\/\/www.tucomarca.com\/wordpress\/segunda\/wp-content\/uploads\/2020\/09\/ChesteOctubre_arte-768x1088.jpg 768w, https:\/\/www.tucomarca.com\/wordpress\/segunda\/wp-content\/uploads\/2020\/09\/ChesteOctubre_arte.jpg 787w\" sizes=\"auto, (max-width: 723px) 100vw, 723px\" \/><\/figure><\/li><li class=\"blocks-gallery-item\"><figure><img loading=\"lazy\" decoding=\"async\" width=\"787\" height=\"810\" src=\"http:\/\/www.tucomarca.com\/wordpress\/segunda\/wp-content\/uploads\/2020\/09\/CHESTE_RunCancer.jpg\" alt=\"\" data-id=\"114431\" data-link=\"http:\/\/www.tucomarca.com\/wordpress\/segunda\/?attachment_id=114431\" class=\"wp-image-114431\" srcset=\"https:\/\/www.tucomarca.com\/wordpress\/segunda\/wp-content\/uploads\/2020\/09\/CHESTE_RunCancer.jpg 787w, https:\/\/www.tucomarca.com\/wordpress\/segunda\/wp-content\/uploads\/2020\/09\/CHESTE_RunCancer-291x300.jpg 291w, https:\/\/www.tucomarca.com\/wordpress\/segunda\/wp-content\/uploads\/2020\/09\/CHESTE_RunCancer-768x790.jpg 768w\" sizes=\"auto, (max-width: 787px) 100vw, 787px\" \/><\/figure><\/li><\/ul>\n\n\n\n<p>Les activitats comen\u00e7aran divendres que ve, 2 d&#8217;octubre, a les 19:30 hores amb una traca d&#8217;inici de festes i un concert a c\u00e0rrec de la Coral Cant\u00e1bile de Xest, a la pla\u00e7a de l&#8217;Ermita.<\/p>\n\n\n\n<p>&#8220;La traca a\u00e8ria, de 250 metres, recorrer\u00e0 el carrer Xiva fins a la pla\u00e7a Doctor Cajal, de manera que es puga veure des de les finestres i balcons, evitant d&#8217;aquesta manera aglomeracions. L&#8217;objectiu \u00e9s seguir oferint oci a les festes patronals del nostre poble complint la normativa sanit\u00e0ria &#8220;, explica el regidor de Festes, Ra\u00fal Mota. &#8220;Cal recordar que en aquestes dates se celebren les nostres festes, per\u00f2 tamb\u00e9 hem d&#8217;adaptar a la nova normalitat. Per aix\u00f2, els actes s\u00f3n petits, amb aforament redu\u00eft, i en altres ocasions s\u00f3n activitats plantejades amb la idea que la gent pugs gaudir-traient el cap al carrer &#8220;.<\/p>\n\n\n\n<p><strong>Teatre i m\u00fasica<\/strong><\/p>\n\n\n\n<p>Entre les activitats, destaca el festival d&#8217;art a llocs singulars, &#8220;Xest Inusual&#8221;, amb tres obres de microteatre o de teatre breu que es realitzaran els dies 9, 10 i 23 d&#8217;octubre, a les entrades de cases antigues de la localitat. Cada actuaci\u00f3 comptar\u00e0 amb dos passis, a les 18 i a les 20 hores. A m\u00e9s, dins de el festival s&#8217;emmarquen els espectacles de carrer Aigua, que oferir\u00e0 la companyia NUC el dissabte 3 d&#8217;octubre al Parc de la Lomiquia; i surats, de la companyia David Moreno &amp; Cia., que tindr\u00e0 lloc a la pla\u00e7a Doctor Cajal, el diumenge 11 d&#8217;octubre a les 19 hores.<\/p>\n\n\n\n<p>La m\u00fasica tindr\u00e0 un espai destacat en la programaci\u00f3 festiva. Aix\u00ed, a m\u00e9s del concert ofert per la coral Cant\u00e1bile, el dia d&#8217;inici de festes, les agrupacions de l&#8217;Associaci\u00f3 Musical la Lira protagonitzaran una cercavila, el dissabte 3 d&#8217;octubre, i dos concerts, que es realitzaran els dies 17 i 25 d&#8217;octubre , a c\u00e0rrec de la Banda Juvenil i la Banda Simf\u00f2nica, respectivament.<\/p>\n\n\n\n<p><strong>Activitats solid\u00e0ries i juvenils<\/strong><\/p>\n\n\n\n<p>Dins el programa de festes, es realitzar\u00e0 una Run C\u00e0ncer simb\u00f2lica el diumenge 4 d&#8217;octubre, de 9 a 12 hores. Els i les participants podran col\u00b7laborar amb la causa de l&#8217;Associaci\u00f3 Espanyola Contra el C\u00e0ncer (AECC) comprant dorsals i samarretes en diferents negocis locals.<\/p>\n\n\n\n<p>D&#8217;altra banda, s&#8217;ha organitzat un Gaming Day &amp; Scape Room pel 16 d&#8217;octubre a les 18 hores, amb tallers d&#8217;impressi\u00f3 3D, i en qu\u00e8 participaran el gamer Perxitaa i la influencer Violeta.<\/p>\n\n\n\n<p><strong>Concurs de balcons engalanats<\/strong><\/p>\n\n\n\n<p>Tal com ha informat el regidor, substituint a el tradicional concurs de carrers engalanats, que aquest any no pot realitzar-se a causa de la pand\u00e8mia, es convocar\u00e0 un concurs de balcons engalanats, amb cinc premis econ\u00f2mics. Les persones interessades podran inscriure a l&#8217;oficina de Turisme de dilluns a divendres de 10 a 14 hores fins el 8 d&#8217;octubre de 2020.<\/p>\n\n\n\n<p><strong>Actes religiosos<\/strong><\/p>\n\n\n\n<p>El dia 18 d&#8217;octubre, com cada any, se celebrar\u00e0 la festivitat de Sant Lluc Evangelista, patr\u00f3 de Xest, per\u00f2 en aquesta ocasi\u00f3 tamb\u00e9 es far\u00e0 missa d&#8217;honor a la patrona del municipi, la Mare de D\u00e9u de la Soledat. Per evitar aglomeracions, hi haur\u00e0 dues sessions de missa, una a les 12 hores i una altra a les 18 hores. El dia culminar\u00e0 amb el tret de dos castells de focs artificials simultanis, a c\u00e0rrec de la pirot\u00e8cnia Reyes Mart\u00ed.<\/p>\n\n\n\n<p>El programa complet es pot consultar al web cheste.es ia les xarxes socials municipals.<\/p>\n","protected":false},"excerpt":{"rendered":"<div class=\"mh-excerpt\">La regidoria de Festes ha preparat una programaci\u00f3 festiva totalment nova per a este mes d&#8217;octubre, tenint en compte les limitacions actuals a l&#8217;hora de celebrar actes socials, a causa de la pand\u00e8mia COVID-19. Les <a class=\"mh-excerpt-more\" href=\"https:\/\/www.tucomarca.com\/wordpress\/segunda\/ca\/xest-celebrara-una-festes-doctubre-adaptades-a-la-situacio-de-pandemia\/\" title=\"Xest celebrar\u00e0 una festes d&#8217;octubre adaptades a la situaci\u00f3 de pand\u00e8mia\">[+] <\/a><\/div>\n","protected":false},"author":12,"featured_media":114430,"comment_status":"open","ping_status":"open","sticky":false,"template":"","format":"gallery","meta":{"footnotes":""},"categories":[11019,12202,10894,10912,11007,11008,10896,10897,10974],"tags":[11222,11939,11940,11648,10914],"class_list":{"0":"post-114440","1":"post","2":"type-post","3":"status-publish","4":"format-gallery","5":"has-post-thumbnail","7":"category-agenda-ca","8":"category-covid-19-ca","9":"category-la-comarca-ca","10":"category-la-hoya-ca","11":"category-ocio-y-cultura-ca","12":"category-pueblos-en-fiestas-ca","13":"category-seccion-ca","14":"category-sucesos-la-comarca-ca","15":"category-cheste-ca","16":"tag-ayuntamiento-de-cheste-ca","17":"tag-coronavirus-ca","18":"tag-covid-19-ca","19":"tag-fiestas-de-la-vendimia-cheste-ca","20":"tag-la-hoya-de-bunol-chiva-ca","21":"post_format-post-format-gallery"},"_links":{"self":[{"href":"https:\/\/www.tucomarca.com\/wordpress\/segunda\/ca\/wp-json\/wp\/v2\/posts\/114440","targetHints":{"allow":["GET"]}}],"collection":[{"href":"https:\/\/www.tucomarca.com\/wordpress\/segunda\/ca\/wp-json\/wp\/v2\/posts"}],"about":[{"href":"https:\/\/www.tucomarca.com\/wordpress\/segunda\/ca\/wp-json\/wp\/v2\/types\/post"}],"author":[{"embeddable":true,"href":"https:\/\/www.tucomarca.com\/wordpress\/segunda\/ca\/wp-json\/wp\/v2\/users\/12"}],"replies":[{"embeddable":true,"href":"https:\/\/www.tucomarca.com\/wordpress\/segunda\/ca\/wp-json\/wp\/v2\/comments?post=114440"}],"version-history":[{"count":0,"href":"https:\/\/www.tucomarca.com\/wordpress\/segunda\/ca\/wp-json\/wp\/v2\/posts\/114440\/revisions"}],"wp:featuredmedia":[{"embeddable":true,"href":"https:\/\/www.tucomarca.com\/wordpress\/segunda\/ca\/wp-json\/wp\/v2\/media\/114430"}],"wp:attachment":[{"href":"https:\/\/www.tucomarca.com\/wordpress\/segunda\/ca\/wp-json\/wp\/v2\/media?parent=114440"}],"wp:term":[{"taxonomy":"category","embeddable":true,"href":"https:\/\/www.tucomarca.com\/wordpress\/segunda\/ca\/wp-json\/wp\/v2\/categories?post=114440"},{"taxonomy":"post_tag","embeddable":true,"href":"https:\/\/www.tucomarca.com\/wordpress\/segunda\/ca\/wp-json\/wp\/v2\/tags?post=114440"}],"curies":[{"name":"wp","href":"https:\/\/api.w.org\/{rel}","templated":true}]}}