{"id":114456,"date":"2020-09-30T18:00:01","date_gmt":"2020-09-30T16:00:01","guid":{"rendered":"http:\/\/www.tucomarca.com\/wordpress\/segunda\/?p=114456"},"modified":"2020-09-30T19:21:41","modified_gmt":"2020-09-30T17:21:41","slug":"lencert-reymos-brut-i-reymos-seleccio-dolc-de-cellers-reymos-reben-medalles-dor-despres-del-seu-pas-per-dos-famosos-concursos-dalemanya-i-austria","status":"publish","type":"post","link":"https:\/\/www.tucomarca.com\/wordpress\/segunda\/ca\/lencert-reymos-brut-i-reymos-seleccio-dolc-de-cellers-reymos-reben-medalles-dor-despres-del-seu-pas-per-dos-famosos-concursos-dalemanya-i-austria\/","title":{"rendered":"&#8220;L&#8217;Encert&#8221;, &#8220;Reymos Brut&#8221; i &#8220;Reymos Selecci\u00f3 Dol\u00e7&#8221;, de Cellers Reymos, reben medalles d&#8217;or despr\u00e9s del seu pas per dos famosos concursos d&#8217;Alemanya i \u00c0ustria"},"content":{"rendered":"\n<p><strong>Un total de 59 medalles, 15 d&#8217;Or i 44 de Plata, \u00e9s el balan\u00e7 de el pas d&#8217;Anecoop Cellers pel Berliner Wine Trophy celebrat a Alemanya i el concurs de vins AWC Vienna, celebrat a \u00c0ustria, entre elles tres vins de Cellers Reymos.<\/strong><\/p>\n\n\n\n<p>Els reconeixements obtinguts per Anecoop Cellers al seu pas per dos dels m\u00e9s reconeguts i prestigiosos concursos de vins internacionals confirmen la bona feina dels cellers que configuren el grup i permeten parlar d&#8217;una tardor florit.<\/p>\n\n\n\n<p>Al Berliner Wein Trophy, un jurat compost per m\u00e9s de 150 experts ha avaluat els m\u00e9s de 6.000 vins presentats a concurs, concedint vuit medalles d&#8217;or a Anecoop Cellers que han recaigut en les seg\u00fcents refer\u00e8ncies: Casa L&#8217;\u00c0ngel Cabernet Sauvignon Ecol\u00f2gic, 2019 , Finca Ca\u00f1adelas Cabernet Sauvignon, 2019; Marqu\u00e8s de Zenete Reserva, 2016 i El Serro Reserva, 2016, elaborats per Celler La Vinya de la Font de la Figuera. El espum\u00f3s L&#8217;Encert, de Cellers Reymos (Cheste), \u00e9s una altra de les refer\u00e8ncies amb D.O.P. Val\u00e8ncia que ha obtingut or en aquest concurs. Cellers Sant Mart\u00ed, col\u00b7laboradora d&#8217;Anecoop Cellers i amb DO Navarra, \u00e9s la responsable de l&#8217;elaboraci\u00f3 dels vins Unsi Terrasses Negre, 2017; Torre Beratxa Negre, 2019 i Domini de Unx Chardonnay, 2019, tamb\u00e9 premiats amb aquest guard\u00f3.<\/p>\n\n\n\n<p>A aquests guardons, cal sumar les set medalles d&#8217;Or i les 44 de plata obtingudes en la present edici\u00f3 de el concurs AWC Viena, on es van valorar un total de 11.232 refer\u00e8ncies de vi de 1.510 productors, procedents de 41 pa\u00efsos diferents.<\/p>\n\n\n\n<p>Els vins premiats amb Or en aquest certamen han estat Venta del Puerto N\u00ba18, 2015; Calamar Tinto, 2019; El Sierro Reserva, 2016; Finca Ca\u00f1adelas Merlot, 2018 i Marqu\u00e8s de Zenete Reserva, 2016, de Celler La Vinya. De Cellers Reymos, han rebut medalla d&#8217;or Reymos Brut i Reymos Selecci\u00f3 Dol\u00e7.<\/p>\n\n\n\n<figure class=\"wp-block-image\"><img loading=\"lazy\" decoding=\"async\" width=\"592\" height=\"984\" src=\"http:\/\/www.tucomarca.com\/wordpress\/segunda\/wp-content\/uploads\/2020\/09\/ReymosBrut100.jpg\" alt=\"\" class=\"wp-image-114451\" srcset=\"https:\/\/www.tucomarca.com\/wordpress\/segunda\/wp-content\/uploads\/2020\/09\/ReymosBrut100.jpg 592w, https:\/\/www.tucomarca.com\/wordpress\/segunda\/wp-content\/uploads\/2020\/09\/ReymosBrut100-180x300.jpg 180w\" sizes=\"auto, (max-width: 592px) 100vw, 592px\" \/><\/figure>\n","protected":false},"excerpt":{"rendered":"<div class=\"mh-excerpt\">Un total de 59 medalles, 15 d&#8217;Or i 44 de Plata, \u00e9s el balan\u00e7 de el pas d&#8217;Anecoop Cellers pel Berliner Wine Trophy celebrat a Alemanya i el concurs de vins AWC Vienna, celebrat a <a class=\"mh-excerpt-more\" href=\"https:\/\/www.tucomarca.com\/wordpress\/segunda\/ca\/lencert-reymos-brut-i-reymos-seleccio-dolc-de-cellers-reymos-reben-medalles-dor-despres-del-seu-pas-per-dos-famosos-concursos-dalemanya-i-austria\/\" title=\"&#8220;L&#8217;Encert&#8221;, &#8220;Reymos Brut&#8221; i &#8220;Reymos Selecci\u00f3 Dol\u00e7&#8221;, de Cellers Reymos, reben medalles d&#8217;or despr\u00e9s del seu pas per dos famosos concursos d&#8217;Alemanya i \u00c0ustria\">[+] <\/a><\/div>\n","protected":false},"author":12,"featured_media":114451,"comment_status":"open","ping_status":"open","sticky":false,"template":"","format":"standard","meta":{"footnotes":""},"categories":[11006,10904,10912,11007,10896,10974],"tags":[12654,12655,11071,385,11072,415,11241],"class_list":{"0":"post-114456","1":"post","2":"type-post","3":"status-publish","4":"format-standard","5":"has-post-thumbnail","7":"category-canal-vinos","8":"category-sin-categorizar-ca","9":"category-la-hoya-ca","10":"category-ocio-y-cultura-ca","11":"category-seccion-ca","12":"category-cheste-ca","13":"tag-bodegas-reymos","14":"tag-bodegas-reymos-ca","15":"tag-cheste","16":"tag-cheste-agraria","17":"tag-cheste-agraria-ca","18":"tag-reymos","19":"tag-reymos-ca"},"_links":{"self":[{"href":"https:\/\/www.tucomarca.com\/wordpress\/segunda\/ca\/wp-json\/wp\/v2\/posts\/114456","targetHints":{"allow":["GET"]}}],"collection":[{"href":"https:\/\/www.tucomarca.com\/wordpress\/segunda\/ca\/wp-json\/wp\/v2\/posts"}],"about":[{"href":"https:\/\/www.tucomarca.com\/wordpress\/segunda\/ca\/wp-json\/wp\/v2\/types\/post"}],"author":[{"embeddable":true,"href":"https:\/\/www.tucomarca.com\/wordpress\/segunda\/ca\/wp-json\/wp\/v2\/users\/12"}],"replies":[{"embeddable":true,"href":"https:\/\/www.tucomarca.com\/wordpress\/segunda\/ca\/wp-json\/wp\/v2\/comments?post=114456"}],"version-history":[{"count":0,"href":"https:\/\/www.tucomarca.com\/wordpress\/segunda\/ca\/wp-json\/wp\/v2\/posts\/114456\/revisions"}],"wp:featuredmedia":[{"embeddable":true,"href":"https:\/\/www.tucomarca.com\/wordpress\/segunda\/ca\/wp-json\/wp\/v2\/media\/114451"}],"wp:attachment":[{"href":"https:\/\/www.tucomarca.com\/wordpress\/segunda\/ca\/wp-json\/wp\/v2\/media?parent=114456"}],"wp:term":[{"taxonomy":"category","embeddable":true,"href":"https:\/\/www.tucomarca.com\/wordpress\/segunda\/ca\/wp-json\/wp\/v2\/categories?post=114456"},{"taxonomy":"post_tag","embeddable":true,"href":"https:\/\/www.tucomarca.com\/wordpress\/segunda\/ca\/wp-json\/wp\/v2\/tags?post=114456"}],"curies":[{"name":"wp","href":"https:\/\/api.w.org\/{rel}","templated":true}]}}