{"id":114465,"date":"2020-09-30T07:00:22","date_gmt":"2020-09-30T05:00:22","guid":{"rendered":"http:\/\/www.tucomarca.com\/wordpress\/segunda\/?p=114465"},"modified":"2020-10-01T20:41:56","modified_gmt":"2020-10-01T18:41:56","slug":"la-radio-i-televisio-de-bunyol-arranca-la-programacio-de-tardor-amb-nous-programes","status":"publish","type":"post","link":"https:\/\/www.tucomarca.com\/wordpress\/segunda\/ca\/la-radio-i-televisio-de-bunyol-arranca-la-programacio-de-tardor-amb-nous-programes\/","title":{"rendered":"La r\u00e0dio i televisi\u00f3 de Bunyol arranca la programaci\u00f3 de tardor amb nous programes"},"content":{"rendered":"\n<p><strong>Des d&#8217;este dijous 1 d&#8217;octubre R\u00e0dio Bu\u00f1ol TV oferix programaci\u00f3 mat\u00ed i vesprada amb nous programes, nous col\u00b7laboradors i ampliant programes diferents i atractius en la seua Televisi\u00f3 per Streaming<\/strong><\/p>\n\n\n\n<p>Manuel Sierra, regidor de Comunicaci\u00f3 de l&#8217;Ajuntament de Bunyol, informa el comen\u00e7ament de la nova programaci\u00f3 de R\u00e0dio Bunyol TV aquest dijous 1 d&#8217;octubre i que estar\u00e0 amb tots els radiooients de forma cont\u00ednua fins al 30 de juny de l&#8217;any vinent. &#8220;Mat\u00ed i tarda amb grans novetats, i amb molta il\u00b7lusi\u00f3 resum aquesta nova programaci\u00f3 que estem preparant i que segur agradar\u00e0 encara m\u00e9s als ve\u00efns i ve\u00efnes de Bunyol i comarca. Continua la millor informaci\u00f3, els millors programes i tot aix\u00f2 amb col\u00b7laboradors nous, implicats i amb la mateixa il\u00b7lusi\u00f3 dels que any rere any segueixen amb nosaltres &#8220;.<\/p>\n\n\n\n<p>R\u00e0dio Bunyol TV continua renovant-se amb la millor programaci\u00f3, amb els millors col\u00b7laboradors i tot aix\u00f2 amb grans professionals. El proper dijous 1 d&#8217;octubre arrenca la programaci\u00f3 de Tardor-hivern 2020-2021 i ho fa amb novetats que encara agradaran m\u00e9s a l&#8217;ampli nombre d&#8217;oients que tenen des de totes les plataformes possibles. A la r\u00e0dio s&#8217;ecuentra en la freq\u00fc\u00e8ncia modulada de la 107.9, a internet a la web radiotv.bu\u00f1ol.es, a youtube, i en les xarxes socials Twitter i Facebook tamb\u00e9 es pot veure i escoltar tots els programes un cop finalitzats.<\/p>\n\n\n\n<p>Entre les novetats amb qu\u00e8 compta l&#8217;\u00e0mplia programaci\u00f3 di\u00e0ria de R\u00e0dio Bunyol TV figuren: Connexi\u00f3 Mestalla, La d&#8217;el Manat de Roses, Yesterday, Addictes a l&#8217;Remember, Converses amb dones i Multi-Vers. Recordem que a partir d&#8217;l&#8217;1 d&#8217;octubre la programaci\u00f3 \u00e9s constant des de les 9h fins a les 21h, encara que la resta d&#8217;hores compten amb un extens assortiment de Tem\u00e0tics per a totes les edats, gustos i tend\u00e8ncies musicals que amplifiquen la cobertura radiof\u00f2nica les 24 hores del dia els 365 dies de l&#8217;any.<\/p>\n\n\n\n<p>Connexi\u00f3 Mestalla, dirigit per Jos\u00e9 Larrazabal, tracta de debatre a manera tert\u00falia l&#8217;actual situaci\u00f3 de l&#8217;Val\u00e8ncia CF, sent cr\u00edtics amb la seva gesti\u00f3 econ\u00f2mica i esportiva. Diversos contertulians debatran en directe els dijous de 20 a 21h.<\/p>\n\n\n\n<p>La d&#8217;el Manat de Roses, presentat per Mila Tamarit, far\u00e0 un recorregut per les millors sarsueles. Podr\u00e0 escoltar-se els dilluns de 20 a 21. Tamb\u00e9 aquesta col\u00b7laboradora dirigeix \u200b\u200bel programa Yesterday, en qu\u00e8 l&#8217;oient trasllada un record associat a una can\u00e7\u00f3, creant-se la banda sonora de la teva vida. Aquest programa estar\u00e0 en antena els dimarts de 16 a 17h.<\/p>\n\n\n\n<p>Addictes a l&#8217;Remember, dirigit pel conegut Dj Luis Alonso. Compta amb \u00e0mplia traject\u00f2ria en nombroses r\u00e0dios de tota la Comunitat Valenciana, portar\u00e0 una selecci\u00f3 exclusiva de el millor remember. Ser\u00e0 els dilluns de 19 a 20h.<\/p>\n\n\n\n<p>I finalment, Multi-Vers, presentat i dirigit per persones amb diversitat funcional i enfocat a tots, perqu\u00e8 tots tenen cabuda. Sensibilitat, problemes, adaptabilitat \u2026 tot podr\u00e0 escoltar els divendres de 19 a 20h.<\/p>\n\n\n\n<p>A m\u00e9s d&#8217;aquests programes nous, R\u00e0dio Bunyol TV seguir\u00e0 comptant amb els seus programes de sempre, amb els seus col\u00b7laboradors que viuen, estimen i manifesten el seu gust per passar un moment divertit en els estudis bunyolenses, uns estudis privilegiats que compten amb les millors instal\u00b7lacions i amb un ambici\u00f3s equip de treballadors que busca que tots gaudixen escoltant la seua r\u00e0dio.<\/p>\n\n\n\n<p>A aix\u00f2 s&#8217;afegeix la Televisi\u00f3 per Streaming. Des de fa ja alguns mesos estan augmentant la seua graella amb programes nous que estan tenint molt bona acollida entre els ve\u00efns del municipi i de la comarca. Al web tv.bu\u00f1ol.es poden veure tots els programes que s&#8217;han fet i que setmanalment van pujant tant al web com a les xarxes socials. Destaca Les nostres Gent, Not\u00edcies televisades i entrevistes a l\u00edders pol\u00edtics o entitats socials representatives del municipi o de la comarca.<\/p>\n\n\n\n<p>El programa Les nostres Gent humanitza personatges destacats professional i personalment de Bunyol i comarca i que compten amb carisma i representativitat en el teixit associatiu del municipi. Continuaran oferint m\u00e9s programes cada 15 dies per donar a con\u00e8ixer la part m\u00e9s humana i personal de cada un dels entrevistats.<\/p>\n\n\n\n<p>M\u00e9s programes, m\u00e9s immediatesa, m\u00e9s veracitat, m\u00e9s col\u00b7laboradors \u2026 tot aix\u00f2 resumix la nova programaci\u00f3 de R\u00e0dio Bunyol TV que comen\u00e7a aquest dijous 1 d&#8217;octubre.<\/p>\n","protected":false},"excerpt":{"rendered":"<div class=\"mh-excerpt\">Des d&#8217;este dijous 1 d&#8217;octubre R\u00e0dio Bu\u00f1ol TV oferix programaci\u00f3 mat\u00ed i vesprada amb nous programes, nous col\u00b7laboradors i ampliant programes diferents i atractius en la seua Televisi\u00f3 per Streaming Manuel Sierra, regidor de Comunicaci\u00f3 <a class=\"mh-excerpt-more\" href=\"https:\/\/www.tucomarca.com\/wordpress\/segunda\/ca\/la-radio-i-televisio-de-bunyol-arranca-la-programacio-de-tardor-amb-nous-programes\/\" title=\"La r\u00e0dio i televisi\u00f3 de Bunyol arranca la programaci\u00f3 de tardor amb nous programes\">[+] <\/a><\/div>\n","protected":false},"author":12,"featured_media":107618,"comment_status":"open","ping_status":"open","sticky":false,"template":"","format":"standard","meta":{"footnotes":""},"categories":[10911,10948,10894,10912,10896],"tags":[5335,5952,12138],"class_list":{"0":"post-114465","1":"post","2":"type-post","3":"status-publish","4":"format-standard","5":"has-post-thumbnail","7":"category-bunol-ca","8":"category-infraestructuras-ca","9":"category-la-comarca-ca","10":"category-la-hoya-ca","11":"category-seccion-ca","12":"tag-ayuntamiento-de-bunol","13":"tag-la-hoya-de-bunol-chiva","14":"tag-radio-bunol-tv"},"_links":{"self":[{"href":"https:\/\/www.tucomarca.com\/wordpress\/segunda\/ca\/wp-json\/wp\/v2\/posts\/114465","targetHints":{"allow":["GET"]}}],"collection":[{"href":"https:\/\/www.tucomarca.com\/wordpress\/segunda\/ca\/wp-json\/wp\/v2\/posts"}],"about":[{"href":"https:\/\/www.tucomarca.com\/wordpress\/segunda\/ca\/wp-json\/wp\/v2\/types\/post"}],"author":[{"embeddable":true,"href":"https:\/\/www.tucomarca.com\/wordpress\/segunda\/ca\/wp-json\/wp\/v2\/users\/12"}],"replies":[{"embeddable":true,"href":"https:\/\/www.tucomarca.com\/wordpress\/segunda\/ca\/wp-json\/wp\/v2\/comments?post=114465"}],"version-history":[{"count":0,"href":"https:\/\/www.tucomarca.com\/wordpress\/segunda\/ca\/wp-json\/wp\/v2\/posts\/114465\/revisions"}],"wp:featuredmedia":[{"embeddable":true,"href":"https:\/\/www.tucomarca.com\/wordpress\/segunda\/ca\/wp-json\/wp\/v2\/media\/107618"}],"wp:attachment":[{"href":"https:\/\/www.tucomarca.com\/wordpress\/segunda\/ca\/wp-json\/wp\/v2\/media?parent=114465"}],"wp:term":[{"taxonomy":"category","embeddable":true,"href":"https:\/\/www.tucomarca.com\/wordpress\/segunda\/ca\/wp-json\/wp\/v2\/categories?post=114465"},{"taxonomy":"post_tag","embeddable":true,"href":"https:\/\/www.tucomarca.com\/wordpress\/segunda\/ca\/wp-json\/wp\/v2\/tags?post=114465"}],"curies":[{"name":"wp","href":"https:\/\/api.w.org\/{rel}","templated":true}]}}