{"id":114472,"date":"2020-09-30T16:02:47","date_gmt":"2020-09-30T14:02:47","guid":{"rendered":"http:\/\/www.tucomarca.com\/wordpress\/segunda\/?p=114472"},"modified":"2020-09-30T19:08:55","modified_gmt":"2020-09-30T17:08:55","slug":"lajuntament-de-vilamarxant-i-la-fundacion-integra-signen-un-acord-per-a-ajudar-dones-en-situacio-vulnerable-a-obtindre-ocupacio","status":"publish","type":"post","link":"https:\/\/www.tucomarca.com\/wordpress\/segunda\/ca\/lajuntament-de-vilamarxant-i-la-fundacion-integra-signen-un-acord-per-a-ajudar-dones-en-situacio-vulnerable-a-obtindre-ocupacio\/","title":{"rendered":"L&#8217;Ajuntament de Vilamarxant i la Fundaci\u00f3n Integra signen un acord per a ajudar dones en situaci\u00f3 vulnerable a obtindre ocupaci\u00f3"},"content":{"rendered":"\n<p>L&#8217;Ajuntament de Vilamarxant i Fundaci\u00f3n Integra han signat un conveni perqu\u00e8 les dos entitats treballen per a aconseguir que dones en situaci\u00f3 vulnerable reprenguen el control de la seua vida a trav\u00e9s de la inserci\u00f3 laboral.<\/p>\n\n\n\n<p>L&#8217;alcalde H\u00e9ctor Troyano i Nazareth Escribano, responsable de Fundaci\u00f3n Integra de la zona Llevant i Balears, han signat l&#8217;acord entre les dos institucions en un acte en el qual tamb\u00e9 ha estat present Elena Cortell, regidora de Serveis Socials de Vilamarxant.<\/p>\n\n\n\n<p>Gr\u00e0cies a este acord, l&#8217;\u00e0rea de Serveis Socials de Vilamarxant proposar\u00e0 candidates a Fundaci\u00f3n Integra, que avaluar\u00e0 la situaci\u00f3 de cada persona basant-se en les seues circumst\u00e0ncies, inquietuds i experi\u00e8ncies pr\u00e8vies. Aix\u00ed, podr\u00e0 dissenyar un itinerari d&#8217;integraci\u00f3 personalitzat fonamentat en l&#8217;enfortiment emocional de la persona i la formaci\u00f3 en habilitats socio-laborals.<\/p>\n\n\n\n<p>Una vegada preparades les candidates per a treballar, Fundaci\u00f3n Integra les inclou en els diferents processos de selecci\u00f3 d&#8217;acord amb el seu perfil. Quan s&#8217;incorporen en l&#8217;empresa, Fundaci\u00f3n Integra realitza un seguiment per a garantir que la candidata encaixa de manera efica\u00e7.<\/p>\n\n\n\n<p>Elena Cortell, regidora de Serveis Socials de Vilamarxant, ha valorat positivament este acord, ja que permetr\u00e0 que dones en cerca activa de treball tornen al mercat laboral en un lloc que s\u2019adapte a les seues habilitats.<\/p>\n\n\n\n<p>\u201cEste conveni amb Fundaci\u00f3n Integra ens ajudar\u00e0 a aconseguir que dones en situaci\u00f3 vulnerable del nostre municipi es reincorporen al mercat laboral i encaixen en un lloc de treball que s\u2019adapte a les seues habilitats i condicions\u201d, ha explicat Cortell.<\/p>\n\n\n\n<p>\u201cD&#8217;esta forma, tornaran a portar el control de la seua vida, ja que recuperaran la seua independ\u00e8ncia, la seua autoestima i el seu sentit d&#8217;utilitat en la societat\u201d, ha afegit la regidora.<\/p>\n\n\n\n<p>Fundaci\u00f3n Integra porta 19 anys oferint ocupaci\u00f3 a persones en exclusi\u00f3 social severa i\/o persones amb discapacitat i ha aconseguit 11.000 ocupacions per a dones en situacions vulnerables. Nazareth Escribano, responsable de Fundaci\u00f3 Integra de la zona Llevant i Balears, ha expressat que \u00e9s \u201cun impuls molt important la implicaci\u00f3 directa de l&#8217;Ajuntament de Vilamarxant en la integraci\u00f3 laboral i la recuperaci\u00f3 del talent i el valor de les dones m\u00e9s vulnerables, que necessiten de tota la nostra col\u00b7laboraci\u00f3\u201d.<\/p>\n","protected":false},"excerpt":{"rendered":"<div class=\"mh-excerpt\">L&#8217;Ajuntament de Vilamarxant i Fundaci\u00f3n Integra han signat un conveni perqu\u00e8 les dos entitats treballen per a aconseguir que dones en situaci\u00f3 vulnerable reprenguen el control de la seua vida a trav\u00e9s de la inserci\u00f3 <a class=\"mh-excerpt-more\" href=\"https:\/\/www.tucomarca.com\/wordpress\/segunda\/ca\/lajuntament-de-vilamarxant-i-la-fundacion-integra-signen-un-acord-per-a-ajudar-dones-en-situacio-vulnerable-a-obtindre-ocupacio\/\" title=\"L&#8217;Ajuntament de Vilamarxant i la Fundaci\u00f3n Integra signen un acord per a ajudar dones en situaci\u00f3 vulnerable a obtindre ocupaci\u00f3\">[+] <\/a><\/div>\n","protected":false},"author":12,"featured_media":114471,"comment_status":"open","ping_status":"open","sticky":false,"template":"","format":"standard","meta":{"footnotes":""},"categories":[10892,10948,10894,10947,10896,10927],"tags":[10552,10395,12656],"class_list":{"0":"post-114472","1":"post","2":"type-post","3":"status-publish","4":"format-standard","5":"has-post-thumbnail","7":"category-camp-de-turia-ca","8":"category-infraestructuras-ca","9":"category-la-comarca-ca","10":"category-politica","11":"category-seccion-ca","12":"category-vilamarxant-ca","13":"tag-ajuntament-de-vilamarxant","14":"tag-camp-de-turia","15":"tag-fundacion-integra"},"_links":{"self":[{"href":"https:\/\/www.tucomarca.com\/wordpress\/segunda\/ca\/wp-json\/wp\/v2\/posts\/114472","targetHints":{"allow":["GET"]}}],"collection":[{"href":"https:\/\/www.tucomarca.com\/wordpress\/segunda\/ca\/wp-json\/wp\/v2\/posts"}],"about":[{"href":"https:\/\/www.tucomarca.com\/wordpress\/segunda\/ca\/wp-json\/wp\/v2\/types\/post"}],"author":[{"embeddable":true,"href":"https:\/\/www.tucomarca.com\/wordpress\/segunda\/ca\/wp-json\/wp\/v2\/users\/12"}],"replies":[{"embeddable":true,"href":"https:\/\/www.tucomarca.com\/wordpress\/segunda\/ca\/wp-json\/wp\/v2\/comments?post=114472"}],"version-history":[{"count":0,"href":"https:\/\/www.tucomarca.com\/wordpress\/segunda\/ca\/wp-json\/wp\/v2\/posts\/114472\/revisions"}],"wp:featuredmedia":[{"embeddable":true,"href":"https:\/\/www.tucomarca.com\/wordpress\/segunda\/ca\/wp-json\/wp\/v2\/media\/114471"}],"wp:attachment":[{"href":"https:\/\/www.tucomarca.com\/wordpress\/segunda\/ca\/wp-json\/wp\/v2\/media?parent=114472"}],"wp:term":[{"taxonomy":"category","embeddable":true,"href":"https:\/\/www.tucomarca.com\/wordpress\/segunda\/ca\/wp-json\/wp\/v2\/categories?post=114472"},{"taxonomy":"post_tag","embeddable":true,"href":"https:\/\/www.tucomarca.com\/wordpress\/segunda\/ca\/wp-json\/wp\/v2\/tags?post=114472"}],"curies":[{"name":"wp","href":"https:\/\/api.w.org\/{rel}","templated":true}]}}