{"id":114478,"date":"2020-09-30T10:26:01","date_gmt":"2020-09-30T08:26:01","guid":{"rendered":"http:\/\/www.tucomarca.com\/wordpress\/segunda\/?p=114478"},"modified":"2020-09-30T15:20:56","modified_gmt":"2020-09-30T13:20:56","slug":"el-pp-atribueix-a-el-govern-de-xiva-el-tornar-a-donar-lesquena-als-veins-de-calicanto","status":"publish","type":"post","link":"https:\/\/www.tucomarca.com\/wordpress\/segunda\/ca\/el-pp-atribueix-a-el-govern-de-xiva-el-tornar-a-donar-lesquena-als-veins-de-calicanto\/","title":{"rendered":"El PP atribueix a el govern de Xiva &#8220;el tornar a donar l&#8217;esquena als ve\u00efns de Calicanto&#8221;"},"content":{"rendered":"\n<p><strong>Segons el PP, &#8220;s\u00f3n nombrosos els ve\u00efns que si no paguen el servici de vigil\u00e0ncia privada s\u00f3n denunciats per l&#8217;Associaci\u00f3 Cimes de Calicanto<\/strong>&#8220;.<\/p>\n\n\n\n<p><strong>El PP i els ve\u00efns recorden que la seguretat \u00e9s una compet\u00e8ncia que ha de prestar l&#8217;ajuntament<\/strong>.<\/p>\n\n\n\n<p><strong>El ple rebutja una moci\u00f3 que demanava revertir esta situaci\u00f3 que el PP porta denunciant des de la legislatura passada<\/strong>.<\/p>\n\n\n\n<p>El PP de Chiva porta des de la passada legislatura lluitant perqu\u00e8 l&#8217;Ajuntament ajude als ve\u00efns que es neguen a pagar les quotes i que s\u00f3n denunciats per l&#8217;Associaci\u00f3 Cumbres de Calicanto. En el ple corresponent a el mes de setembre, el PP, sumant-se a la moci\u00f3 de ADUC que abundava en aquesta necessitat, va veure com l&#8217;equip de Govern rebutjava aquesta possibilitat amb els vots en contra de Comprom\u00eds i M\u00e9s, Esquerra Unida i Vinchi i les abstencions de Ciutadans i PSOE.<\/p>\n\n\n\n<p>La postura de el grup popular -que ha defensat Esther Sancho- \u00e9s que \u00abha d&#8217;acabar amb l&#8217;obligatorietat que els ve\u00efns de Calicanto hagen de pagar per un servei de seguretat privada quan \u00e9s una compet\u00e8ncia que ha de prestar l&#8217;Ajuntament\u00bb, com succe\u00efx amb l&#8217;enllumenat i altres serveis atribu\u00efts legalment al consistori.<\/p>\n\n\n\n<p>L&#8217;\u00faltim informe del secretari municipal d\u00f3na la ra\u00f3 als ve\u00efns i posa en relleu les pressions i les demandes que l&#8217;Associaci\u00f3 Cumbres de Calicanto de naturalesa privada est\u00e0 realitzant procedint a demandar judicialment als que es neguen a abonar un servei que no els correspon sufragar.<\/p>\n\n\n\n<p>Sancho ha agra\u00eft l&#8217;informe de l&#8217;secretari, malgrat que s&#8217;haga trigat tant a emetre, i va recordar que \u00abportem molt de temps amb el tema de l&#8217;obligatorietat de tenir seguretat privada per als ve\u00efns de Calicanto i ja el 2018 vam acudir a la subdelegaci\u00f3 de Govern per intentar solucionar aquesta q\u00fcesti\u00f3 \u00bb.<\/p>\n\n\n\n<p>\u00abTamb\u00e9 vam presentar aquest any una moci\u00f3 i una esmena al juliol de 2019 demanant que s&#8217;ampli\u00e9s la pres\u00e8ncia de la Policia Local en Calicanto ja que l&#8217;ajuntament \u00e9s el que ha de vetllar per la seguretat dels ve\u00efns i no una entitat privada\u00bb, ha explicat la regidora popular.<\/p>\n\n\n\n<p>Esther Sancho ha advertit que \u00abquan el 1999 es va lliurar la urbanitzaci\u00f3 ja no hi havia obligatorietat per als ve\u00efns d&#8217;haver de pagar un servei de seguretat privada per la qual cosa Associaci\u00f3 Cims de Calicanto no pot ficar-se en les compet\u00e8ncies que s\u00f3n pr\u00f2pies de l&#8217;Ajuntament\u00bb.<\/p>\n\n\n\n<p>La postura de el Grup Popular a l&#8217;Ajuntament de Chiva \u00e9s clara i mant\u00e9 que \u00abdins dels impostos que paguen els ve\u00efns est\u00e0 incl\u00f2s, a l&#8217;igual que l&#8217;enllumenat p\u00fablic o la neteja, la seguretat i no hi pot haver cap associaci\u00f3 que es lucre per aquest motiu \u00bb.<\/p>\n\n\n\n<p>Sancho ha reiterat que basant-se l&#8217;informe de l&#8217;secretari municipal \u00abpodem adoptar un acord plenari que hauria de ser per unanimitat on seiem les bases i acabem d&#8217;una vegada amb aquesta injust\u00edcia i malson que li est\u00e0 costant la salut a m\u00e9s d&#8217;un ve\u00ed\u00bb.<\/p>\n\n\n\n<p><strong>Dilaten la soluci\u00f3<\/strong><\/p>\n\n\n\n<p>Tot i la legalitat, l&#8217;informe de l&#8217;secretari i l&#8217;evid\u00e8ncia que els serveis pels quals s&#8217;obliga a pagar als ve\u00efns corresponen a l&#8217;ajuntament, l&#8217;actual equip de govern municipal va rebutjar, de nou, la iniciativa. Sancho ha lamentat que per una banda van recon\u00e8ixer que la situaci\u00f3 que viuen molts ve\u00efns \u00e9s \u00abinjusta\u00bb per\u00f2 han desestimat donar-los empara de manera immediata com correspondria.<\/p>\n\n\n\n<p>La proposta que pretenen dur a propers plens \u00e9s \u00abmodificar el Pla Parcial de Calicanto per deixar sense poders ni compet\u00e8ncies a l&#8217;esmentada associaci\u00f3\u00bb, per\u00f2 tota aquesta tramitaci\u00f3 deixar\u00e0 en \u00abuna situaci\u00f3 d&#8217;abandonament als ve\u00efns que ja han de fer front processos judicials\u00bb, ha denunciat Esther Sancho.<\/p>\n","protected":false},"excerpt":{"rendered":"<div class=\"mh-excerpt\">Segons el PP, &#8220;s\u00f3n nombrosos els ve\u00efns que si no paguen el servici de vigil\u00e0ncia privada s\u00f3n denunciats per l&#8217;Associaci\u00f3 Cimes de Calicanto&#8220;. El PP i els ve\u00efns recorden que la seguretat \u00e9s una compet\u00e8ncia <a class=\"mh-excerpt-more\" href=\"https:\/\/www.tucomarca.com\/wordpress\/segunda\/ca\/el-pp-atribueix-a-el-govern-de-xiva-el-tornar-a-donar-lesquena-als-veins-de-calicanto\/\" title=\"El PP atribueix a el govern de Xiva &#8220;el tornar a donar l&#8217;esquena als ve\u00efns de Calicanto&#8221;\">[+] <\/a><\/div>\n","protected":false},"author":12,"featured_media":114477,"comment_status":"open","ping_status":"open","sticky":false,"template":"","format":"standard","meta":{"footnotes":""},"categories":[10894,10912,10947,10896,10897,10975],"tags":[3347,1561,5952,12645],"class_list":{"0":"post-114478","1":"post","2":"type-post","3":"status-publish","4":"format-standard","5":"has-post-thumbnail","7":"category-la-comarca-ca","8":"category-la-hoya-ca","9":"category-politica","10":"category-seccion-ca","11":"category-sucesos-la-comarca-ca","12":"category-chiva-ca","13":"tag-ayuntamiento-de-chiva","14":"tag-calicanto","15":"tag-la-hoya-de-bunol-chiva","16":"tag-pp-de-valencia"},"_links":{"self":[{"href":"https:\/\/www.tucomarca.com\/wordpress\/segunda\/ca\/wp-json\/wp\/v2\/posts\/114478","targetHints":{"allow":["GET"]}}],"collection":[{"href":"https:\/\/www.tucomarca.com\/wordpress\/segunda\/ca\/wp-json\/wp\/v2\/posts"}],"about":[{"href":"https:\/\/www.tucomarca.com\/wordpress\/segunda\/ca\/wp-json\/wp\/v2\/types\/post"}],"author":[{"embeddable":true,"href":"https:\/\/www.tucomarca.com\/wordpress\/segunda\/ca\/wp-json\/wp\/v2\/users\/12"}],"replies":[{"embeddable":true,"href":"https:\/\/www.tucomarca.com\/wordpress\/segunda\/ca\/wp-json\/wp\/v2\/comments?post=114478"}],"version-history":[{"count":0,"href":"https:\/\/www.tucomarca.com\/wordpress\/segunda\/ca\/wp-json\/wp\/v2\/posts\/114478\/revisions"}],"wp:featuredmedia":[{"embeddable":true,"href":"https:\/\/www.tucomarca.com\/wordpress\/segunda\/ca\/wp-json\/wp\/v2\/media\/114477"}],"wp:attachment":[{"href":"https:\/\/www.tucomarca.com\/wordpress\/segunda\/ca\/wp-json\/wp\/v2\/media?parent=114478"}],"wp:term":[{"taxonomy":"category","embeddable":true,"href":"https:\/\/www.tucomarca.com\/wordpress\/segunda\/ca\/wp-json\/wp\/v2\/categories?post=114478"},{"taxonomy":"post_tag","embeddable":true,"href":"https:\/\/www.tucomarca.com\/wordpress\/segunda\/ca\/wp-json\/wp\/v2\/tags?post=114478"}],"curies":[{"name":"wp","href":"https:\/\/api.w.org\/{rel}","templated":true}]}}