{"id":114485,"date":"2020-09-30T12:00:49","date_gmt":"2020-09-30T10:00:49","guid":{"rendered":"http:\/\/www.tucomarca.com\/wordpress\/segunda\/?p=114485"},"modified":"2020-10-01T20:45:32","modified_gmt":"2020-10-01T18:45:32","slug":"la-upcca-de-xest-continuara-la-seua-actuacio-durant-el-curs-escolar-2020-21-amb-mesures-adequades-a-la-pandemia","status":"publish","type":"post","link":"https:\/\/www.tucomarca.com\/wordpress\/segunda\/ca\/la-upcca-de-xest-continuara-la-seua-actuacio-durant-el-curs-escolar-2020-21-amb-mesures-adequades-a-la-pandemia\/","title":{"rendered":"La UPCCA de Xest continuar\u00e0 la seua actuaci\u00f3 durant el curs escolar 2020-21 amb mesures adequades a la pand\u00e8mia"},"content":{"rendered":"\n<p>Des de la Unitat de Prevenci\u00f3 Comunit\u00e0ria de Conductes Addictives de Cheste (UPCCA), a c\u00e0rrec de la regidoria de Sanitat, ja s&#8217;han programat les actuacions destinades a la prevenci\u00f3 escolar que cada any es duen a terme als centres educatius de la localitat. Totes les intervencions es desenvoluparan seguint les mesures de seguretat i higiene pertinents, a causa de la pand\u00e8mia COVID-19.<\/p>\n\n\n\n<p>Entre les activitats, es realitzaran tallers preventius d&#8217;addicci\u00f3 a les TIC, als jocs d&#8217;atzar o a altres tipus d&#8217;agents t\u00f2xics i comportamentals. En funci\u00f3 de l&#8217;nivell escolar, tamb\u00e9 s&#8217;impartiran tallers d&#8217;educaci\u00f3 emocional, amb l&#8217;objectiu d&#8217;ajudar a l&#8217;alumnat a gestionar situacions de conflicte, com l&#8217;actual emerg\u00e8ncia sanit\u00e0ria. Tal com ha explicat Sara Arjona, coordinadora de la UPCCA, cada centre educatiu ha estudiat com realitzar els tallers, considerant si poden fer de manera online o si han de ser presencials.<\/p>\n\n\n\n<p>Paral\u00b7lelament, continuaran els tallers per a fam\u00edlies. El primer tindr\u00e0 lloc el 20 de novembre, sota el t\u00edtol Intel\u00b7lig\u00e8ncia emocional II: millorar la relaci\u00f3 amb els\/les fills\/es&#8221;, en col\u00b7laboraci\u00f3 amb la Diputaci\u00f3 de Val\u00e8ncia. L&#8217;activitat abordar\u00e0 problem\u00e0tiques comuns en l&#8217;adolesc\u00e8ncia i com resoldre-les. &#8220;A m\u00e9s, durant el present curs escolar, la Unitat es coordinar\u00e0 amb el Gabinet Psicopedag\u00f2gic Municipal per a participar en les activitats de l&#8217;Escola de Mares i Pares&#8221;, ha apuntat Arjona.<\/p>\n\n\n\n<p>Per altra banda, la prevenci\u00f3 comunit\u00e0ria que es porta a terme des de la UPCCA de Cheste, es realitzar\u00e0 a trav\u00e9s de campanyes de prevenci\u00f3 amb el suport de la resta d&#8217;Unitats de la Comunitat Valenciana. La propera campanya coincidir\u00e0 amb el Dia Internacional de l&#8217;Joc d&#8217;Atzar i li seguiran altres amb motiu dels dies mundials Contra l&#8217;alcohol i altres addiccions.<\/p>\n\n\n\n<p><strong>UPCCA de Xest<\/strong><\/p>\n\n\n\n<p>La UPCCA \u00e9s un servei municipal p\u00fablic, gratu\u00eft i especialitzat, dependent de la Regidoria de Sanitat, des del qual es posen en marxa iniciatives per evitar i reduir l&#8217;\u00fas i ab\u00fas de drogues; es promocionen h\u00e0bits de vida saludables i s&#8217;impulsa una &#8220;Cultura de salut&#8221; mitjan\u00e7ant la qual es rebutgen les conductes addictives. La Unitat tamb\u00e9 realitza assessorament, orientaci\u00f3 i intervenci\u00f3 individualitzada a les fam\u00edlies, adolescents o persones adultes que ho sol\u00b7liciten.<\/p>\n\n\n\n<p>L&#8217;horari d&#8217;atenci\u00f3 per a sol\u00b7licitar cita pr\u00e8via \u00e9s de dilluns a divendres, de 8 a 14 i de 15 a 17 hores, al tel\u00e8fon 672.022 362. Tamb\u00e9 es pot contactar amb la UPCCA a trav\u00e9s de correu electr\u00f2nic, en upc_cheste @ hotmail.es<\/p>\n","protected":false},"excerpt":{"rendered":"<div class=\"mh-excerpt\">Des de la Unitat de Prevenci\u00f3 Comunit\u00e0ria de Conductes Addictives de Cheste (UPCCA), a c\u00e0rrec de la regidoria de Sanitat, ja s&#8217;han programat les actuacions destinades a la prevenci\u00f3 escolar que cada any es duen <a class=\"mh-excerpt-more\" href=\"https:\/\/www.tucomarca.com\/wordpress\/segunda\/ca\/la-upcca-de-xest-continuara-la-seua-actuacio-durant-el-curs-escolar-2020-21-amb-mesures-adequades-a-la-pandemia\/\" title=\"La UPCCA de Xest continuar\u00e0 la seua actuaci\u00f3 durant el curs escolar 2020-21 amb mesures adequades a la pand\u00e8mia\">[+] <\/a><\/div>\n","protected":false},"author":12,"featured_media":114484,"comment_status":"open","ping_status":"open","sticky":false,"template":"","format":"standard","meta":{"footnotes":""},"categories":[11010,12202,10948,10894,10912,10896,10897,10974],"tags":[11222,11939,11940,10914,12660,12315],"class_list":{"0":"post-114485","1":"post","2":"type-post","3":"status-publish","4":"format-standard","5":"has-post-thumbnail","7":"category-canal-salud","8":"category-covid-19-ca","9":"category-infraestructuras-ca","10":"category-la-comarca-ca","11":"category-la-hoya-ca","12":"category-seccion-ca","13":"category-sucesos-la-comarca-ca","14":"category-cheste-ca","15":"tag-ayuntamiento-de-cheste-ca","16":"tag-coronavirus-ca","17":"tag-covid-19-ca","18":"tag-la-hoya-de-bunol-chiva-ca","19":"tag-unidad-de-prevencion-comunitaria-de-conductas-adictivas-ca","20":"tag-upcca-ca"},"_links":{"self":[{"href":"https:\/\/www.tucomarca.com\/wordpress\/segunda\/ca\/wp-json\/wp\/v2\/posts\/114485","targetHints":{"allow":["GET"]}}],"collection":[{"href":"https:\/\/www.tucomarca.com\/wordpress\/segunda\/ca\/wp-json\/wp\/v2\/posts"}],"about":[{"href":"https:\/\/www.tucomarca.com\/wordpress\/segunda\/ca\/wp-json\/wp\/v2\/types\/post"}],"author":[{"embeddable":true,"href":"https:\/\/www.tucomarca.com\/wordpress\/segunda\/ca\/wp-json\/wp\/v2\/users\/12"}],"replies":[{"embeddable":true,"href":"https:\/\/www.tucomarca.com\/wordpress\/segunda\/ca\/wp-json\/wp\/v2\/comments?post=114485"}],"version-history":[{"count":0,"href":"https:\/\/www.tucomarca.com\/wordpress\/segunda\/ca\/wp-json\/wp\/v2\/posts\/114485\/revisions"}],"wp:featuredmedia":[{"embeddable":true,"href":"https:\/\/www.tucomarca.com\/wordpress\/segunda\/ca\/wp-json\/wp\/v2\/media\/114484"}],"wp:attachment":[{"href":"https:\/\/www.tucomarca.com\/wordpress\/segunda\/ca\/wp-json\/wp\/v2\/media?parent=114485"}],"wp:term":[{"taxonomy":"category","embeddable":true,"href":"https:\/\/www.tucomarca.com\/wordpress\/segunda\/ca\/wp-json\/wp\/v2\/categories?post=114485"},{"taxonomy":"post_tag","embeddable":true,"href":"https:\/\/www.tucomarca.com\/wordpress\/segunda\/ca\/wp-json\/wp\/v2\/tags?post=114485"}],"curies":[{"name":"wp","href":"https:\/\/api.w.org\/{rel}","templated":true}]}}