{"id":114532,"date":"2020-09-30T20:20:09","date_gmt":"2020-09-30T18:20:09","guid":{"rendered":"http:\/\/www.tucomarca.com\/wordpress\/segunda\/?p=114532"},"modified":"2020-09-30T20:20:50","modified_gmt":"2020-09-30T18:20:50","slug":"video-entrevista-lalcaldessa-de-godelleta-silvia-lopez-valora-lestat-actual-de-lafeccio-de-la-pandemia-a-la-localitat","status":"publish","type":"post","link":"https:\/\/www.tucomarca.com\/wordpress\/segunda\/ca\/video-entrevista-lalcaldessa-de-godelleta-silvia-lopez-valora-lestat-actual-de-lafeccio-de-la-pandemia-a-la-localitat\/","title":{"rendered":"V\u00eddeo entrevista: l&#8217;alcaldessa de Godelleta, Silvia L\u00f3pez, valora l&#8217;estat actual de l&#8217;afecci\u00f3 de la pand\u00e8mia a la localitat"},"content":{"rendered":"\n<figure class=\"wp-block-embed-youtube wp-block-embed is-type-video is-provider-youtube wp-embed-aspect-16-9 wp-has-aspect-ratio\"><div class=\"wp-block-embed__wrapper\">\n<iframe loading=\"lazy\" title=\"V\u00eddeo entrevista: la alcaldesa valora el estado actual de la afecci\u00f3n de la pandemia en Godelleta\" width=\"500\" height=\"281\" src=\"https:\/\/www.youtube.com\/embed\/JzgUiry1Bwk?feature=oembed\" frameborder=\"0\" allow=\"accelerometer; autoplay; clipboard-write; encrypted-media; gyroscope; picture-in-picture; web-share\" referrerpolicy=\"strict-origin-when-cross-origin\" allowfullscreen><\/iframe>\n<\/div><\/figure>\n\n\n\n<p>V\u00eddeo entrevista realitzada a l&#8217;alcaldessa de Godelleta, Silvia L\u00f3pez, per <strong>tucomarca televisi\u00f3<\/strong> en la qual l&#8217;edil valora l&#8217;estat actual d&#8217;afecci\u00f3 de la pand\u00e8mia a la localitat.<\/p>\n","protected":false},"excerpt":{"rendered":"<div class=\"mh-excerpt\">V\u00eddeo entrevista realitzada a l&#8217;alcaldessa de Godelleta, Silvia L\u00f3pez, per tucomarca televisi\u00f3 en la qual l&#8217;edil valora l&#8217;estat actual d&#8217;afecci\u00f3 de la pand\u00e8mia a la localitat.<\/div>\n","protected":false},"author":1,"featured_media":114522,"comment_status":"open","ping_status":"open","sticky":false,"template":"","format":"video","meta":{"footnotes":""},"categories":[10905,11010,12202,10977,10948,10894,10912,10903,10947,10896,10897,11062],"tags":[11937,11939,11938,11940,11951,11952,10383,11087,5952,10914],"class_list":{"0":"post-114532","1":"post","2":"type-post","3":"status-publish","4":"format-video","5":"has-post-thumbnail","7":"category-agricultura-la-comarca-ca","8":"category-canal-salud","9":"category-covid-19-ca","10":"category-godelleta-ca","11":"category-infraestructuras-ca","12":"category-la-comarca-ca","13":"category-la-hoya-ca","14":"category-medio-ambiente-la-comarca-ca","15":"category-politica","16":"category-seccion-ca","17":"category-sucesos-la-comarca-ca","18":"category-videos","19":"tag-coronavirus","20":"tag-coronavirus-ca","21":"tag-covid-19","22":"tag-covid-19-ca","23":"tag-covid2019","24":"tag-covid2019-ca","25":"tag-godelleta","26":"tag-godelleta-ca","27":"tag-la-hoya-de-bunol-chiva","28":"tag-la-hoya-de-bunol-chiva-ca","29":"post_format-post-format-video"},"_links":{"self":[{"href":"https:\/\/www.tucomarca.com\/wordpress\/segunda\/ca\/wp-json\/wp\/v2\/posts\/114532","targetHints":{"allow":["GET"]}}],"collection":[{"href":"https:\/\/www.tucomarca.com\/wordpress\/segunda\/ca\/wp-json\/wp\/v2\/posts"}],"about":[{"href":"https:\/\/www.tucomarca.com\/wordpress\/segunda\/ca\/wp-json\/wp\/v2\/types\/post"}],"author":[{"embeddable":true,"href":"https:\/\/www.tucomarca.com\/wordpress\/segunda\/ca\/wp-json\/wp\/v2\/users\/1"}],"replies":[{"embeddable":true,"href":"https:\/\/www.tucomarca.com\/wordpress\/segunda\/ca\/wp-json\/wp\/v2\/comments?post=114532"}],"version-history":[{"count":0,"href":"https:\/\/www.tucomarca.com\/wordpress\/segunda\/ca\/wp-json\/wp\/v2\/posts\/114532\/revisions"}],"wp:featuredmedia":[{"embeddable":true,"href":"https:\/\/www.tucomarca.com\/wordpress\/segunda\/ca\/wp-json\/wp\/v2\/media\/114522"}],"wp:attachment":[{"href":"https:\/\/www.tucomarca.com\/wordpress\/segunda\/ca\/wp-json\/wp\/v2\/media?parent=114532"}],"wp:term":[{"taxonomy":"category","embeddable":true,"href":"https:\/\/www.tucomarca.com\/wordpress\/segunda\/ca\/wp-json\/wp\/v2\/categories?post=114532"},{"taxonomy":"post_tag","embeddable":true,"href":"https:\/\/www.tucomarca.com\/wordpress\/segunda\/ca\/wp-json\/wp\/v2\/tags?post=114532"}],"curies":[{"name":"wp","href":"https:\/\/api.w.org\/{rel}","templated":true}]}}