{"id":114546,"date":"2020-09-30T07:59:38","date_gmt":"2020-09-30T05:59:38","guid":{"rendered":"http:\/\/www.tucomarca.com\/wordpress\/segunda\/el-ce-de-cheste-recibe-la-visita-del-embajador-de-espana-ante-la-unesco-andres-perello-rodriguez\/"},"modified":"2020-09-30T20:29:03","modified_gmt":"2020-09-30T18:29:03","slug":"el-ce-de-cheste-recibe-la-visita-del-embajador-de-espana-ante-la-unesco-andres-perello-rodriguez","status":"publish","type":"post","link":"https:\/\/www.tucomarca.com\/wordpress\/segunda\/ca\/el-ce-de-cheste-recibe-la-visita-del-embajador-de-espana-ante-la-unesco-andres-perello-rodriguez\/","title":{"rendered":"El CE de Xest rep la visita d&#8217;l&#8217;Ambaixador d&#8217;Espanya davant la UNESCO, Andr\u00e9s Perell\u00f3 Rodr\u00edguez"},"content":{"rendered":"\n<p>El complex Educatiu de Xest dins dels actes amb motiu del seu 50 aniversari rep aquest dijous, 1 d&#8217;octubre, la visita d&#8217;Andr\u00e9s Perell\u00f3 Rodr\u00edguez, ambaixador d&#8217;Espanya davant la UNESCO, emmarcada dins dels objectius de divulgaci\u00f3 i visibilitzaci\u00f3 amb l&#8217;objecte de impartir una video-confer\u00e8ncia a les dotze del mat\u00ed sota l&#8217;ep\u00edgraf &#8220;Educaci\u00f3, ciutadania i xarxes per a la pau&#8221;.<\/p>\n\n\n\n<p>Aquesta v\u00eddeo-confer\u00e8ncia tindr\u00e0 lloc des del Sal\u00f3 de Graus de l&#8217;CE de Xest. Ja a la tarda es realitzar\u00e0 una visita a l&#8217;Complex Educatiu i posteriorment es realitzar\u00e0 el Lliurament dels IV Premis Paranimf de Relat curt i Fotografia.<\/p>\n","protected":false},"excerpt":{"rendered":"<div class=\"mh-excerpt\">El complex Educatiu de Xest dins dels actes amb motiu del seu 50 aniversari rep aquest dijous, 1 d&#8217;octubre, la visita d&#8217;Andr\u00e9s Perell\u00f3 Rodr\u00edguez, ambaixador d&#8217;Espanya davant la UNESCO, emmarcada dins dels objectius de divulgaci\u00f3 <a class=\"mh-excerpt-more\" href=\"https:\/\/www.tucomarca.com\/wordpress\/segunda\/ca\/el-ce-de-cheste-recibe-la-visita-del-embajador-de-espana-ante-la-unesco-andres-perello-rodriguez\/\" title=\"El CE de Xest rep la visita d&#8217;l&#8217;Ambaixador d&#8217;Espanya davant la UNESCO, Andr\u00e9s Perell\u00f3 Rodr\u00edguez\">[+] <\/a><\/div>\n","protected":false},"author":12,"featured_media":114542,"comment_status":"open","ping_status":"open","sticky":false,"template":"","format":"standard","meta":{"footnotes":""},"categories":[11019,10894,10912,10896,10974],"tags":[10770,3958],"class_list":{"0":"post-114546","1":"post","2":"type-post","3":"status-publish","4":"format-standard","5":"has-post-thumbnail","7":"category-agenda-ca","8":"category-la-comarca-ca","9":"category-la-hoya-ca","10":"category-seccion-ca","11":"category-cheste-ca","12":"tag-complejo-educativo-de-cheste","13":"tag-unesco"},"_links":{"self":[{"href":"https:\/\/www.tucomarca.com\/wordpress\/segunda\/ca\/wp-json\/wp\/v2\/posts\/114546","targetHints":{"allow":["GET"]}}],"collection":[{"href":"https:\/\/www.tucomarca.com\/wordpress\/segunda\/ca\/wp-json\/wp\/v2\/posts"}],"about":[{"href":"https:\/\/www.tucomarca.com\/wordpress\/segunda\/ca\/wp-json\/wp\/v2\/types\/post"}],"author":[{"embeddable":true,"href":"https:\/\/www.tucomarca.com\/wordpress\/segunda\/ca\/wp-json\/wp\/v2\/users\/12"}],"replies":[{"embeddable":true,"href":"https:\/\/www.tucomarca.com\/wordpress\/segunda\/ca\/wp-json\/wp\/v2\/comments?post=114546"}],"version-history":[{"count":0,"href":"https:\/\/www.tucomarca.com\/wordpress\/segunda\/ca\/wp-json\/wp\/v2\/posts\/114546\/revisions"}],"wp:featuredmedia":[{"embeddable":true,"href":"https:\/\/www.tucomarca.com\/wordpress\/segunda\/ca\/wp-json\/wp\/v2\/media\/114542"}],"wp:attachment":[{"href":"https:\/\/www.tucomarca.com\/wordpress\/segunda\/ca\/wp-json\/wp\/v2\/media?parent=114546"}],"wp:term":[{"taxonomy":"category","embeddable":true,"href":"https:\/\/www.tucomarca.com\/wordpress\/segunda\/ca\/wp-json\/wp\/v2\/categories?post=114546"},{"taxonomy":"post_tag","embeddable":true,"href":"https:\/\/www.tucomarca.com\/wordpress\/segunda\/ca\/wp-json\/wp\/v2\/tags?post=114546"}],"curies":[{"name":"wp","href":"https:\/\/api.w.org\/{rel}","templated":true}]}}