{"id":114665,"date":"2020-09-28T20:00:22","date_gmt":"2020-09-28T18:00:22","guid":{"rendered":"http:\/\/www.tucomarca.com\/wordpress\/segunda\/?p=114665"},"modified":"2020-10-01T22:01:00","modified_gmt":"2020-10-01T20:01:00","slug":"la-plataforma-pro-hospital-comarcal-es-reuneix-amb-la-secretaria-autonomica-deficiencia-i-tecnologia-sanitaria","status":"publish","type":"post","link":"https:\/\/www.tucomarca.com\/wordpress\/segunda\/ca\/la-plataforma-pro-hospital-comarcal-es-reuneix-amb-la-secretaria-autonomica-deficiencia-i-tecnologia-sanitaria\/","title":{"rendered":"La Plataforma pro hospital comarcal es reuneix amb la secret\u00e0ria auton\u00f2mica d&#8217;Efici\u00e8ncia i Tecnologia Sanit\u00e0ria"},"content":{"rendered":"\n<p>El passat dia 23 de setembre representants de la Plataforma pro hospital comarcal van mantenir una reuni\u00f3 de treball amb la Secret\u00e0ria auton\u00f2mica d&#8217;Efici\u00e8ncia i Tecnologia Sanit\u00e0ria, Concha Andr\u00e9s Sanchis, en qu\u00e8 va estar present el president de la mancomunitat, posteriorment es va reunir amb alcaldes i regidors de la comarca.<\/p>\n\n\n\n<p>Es van fer entrega de dos documents i on \u00e9s van exposar els seg\u00fcents punts: Sobre l&#8217;atenci\u00f3 prim\u00e0ria, el compliment de la resoluci\u00f3 de les corts Valencianes en qu\u00e8 es dictaminava el comprom\u00eds adquirit amb la comarca de creaci\u00f3 d&#8217;un centre integrat model Villena, i el compliment de les resolucions dels ajuntaments en la qual es demanava la construcci\u00f3 d&#8217;el centre integrat amb vies d&#8217;expansi\u00f3 fins a esdevenir un hospital, i que fins que es constru\u00eds s&#8217;utilitz\u00e9s a l&#8217;m\u00e0xim els centres de salut per a albergar especialitats i proves diagn\u00f2stica.<\/p>\n\n\n\n<p>En el segon d&#8217;ells es feia refer\u00e8ncia a la situaci\u00f3 de les unitats d&#8217;emerg\u00e8ncies sanit\u00e0ries i la necessitat de dotar la zona de m\u00e9s recursos.<\/p>\n\n\n\n<p>&#8220;El transcurs de la reuni\u00f3 es va desenvolupar en un clima positiu, ja que sent la primera trobada es va decidir treballar sobre la segona part de la resoluci\u00f3 de la corts Valencianes, \u00e9s a dir acostaments d&#8217;especialitats als centres de salut, proves diagn\u00f2stiques que no signifiqui una gran inversi\u00f3 com les espirometries, i aprofitament i optimaci\u00f3 de la aparotolog\u00eda existents, referents a l&#8217;ecografo i Rx que estan en el centre de salut de Bunyol i l&#8217;obertura dels centres de salut a les tardes &#8220;, segons fonts de la plataforma.<\/p>\n\n\n\n<p>Des de la plataforma han ressenyat que s\u00f3n serveis sanitaris que no alterarien pr\u00e0cticament als centres d&#8217;especialitats d&#8217;Aldaia, Mislata i Manises ja que es tractaria d&#8217;agafar una agenda setmanal dels especialistes de cada centre.<\/p>\n\n\n\n<p>La secret\u00e0ria va transmetre que estava en antecedents i que per part de l&#8217;Comissionat de Manises i de el director general d&#8217;Assist\u00e8ncia Sanit\u00e0ria, Pablo Rodriguez, li havien indicat que la Plataforma seguia insistint, va transmetre que tots els punts serien respost amb un informe i que al principi els aparells de l&#8217;ec\u00f2graf per a altres patologies i els espir\u00f3metros no hauria de ser major problema, que tot era q\u00fcesti\u00f3 de cr\u00e8dit. Per la seva banda ens va indicar que treballaria amb m\u00e9s insist\u00e8ncia si cap que en altres sessions.<\/p>\n\n\n\n<p>Preguntada pels retards dels PCR va informar que havia tingut reunions de coordinaci\u00f3 amb els gerents dels departaments, i en el cas de Manises se li va advertir que tenia una quota de PCR, sobrepassat s&#8217;havia d&#8217;informar i buscar un altre laboratori per realitzar-les, es van marcar un n\u00famero de pcr a fi de no sobrecarregar el laboratori, ells tenen convenis amb altres entitats privades que tenen laboratori, &#8220;a l&#8217;igual que fa amb altres prestacions que no estan recollides i si que passen la factura a la conselleria haurien d&#8217;haver-ho fet tamb\u00e9 &#8220;.<\/p>\n\n\n\n<p>La plataforma ha transm\u00e8s el malestar amb Sanitas &#8220;ja que amb la seva actuaci\u00f3 l&#8217;\u00fanic que ha demostrat \u00e9s falta de professionalitat i m\u00e9s quan existia un protocol d&#8217;actuaci\u00f3 marcat per sanitat&#8221;, segons han dit.<\/p>\n\n\n\n<p>&#8220;Esperem i confiem que en un termini breu puguem tenir en servei noves especialitats i proves diagn\u00f2stica, hem parlat amb tots els departaments de la Conselleria de sanitat i s\u00f3n conscient de la situaci\u00f3 que estem, seria un sense sentit que ara que la secret\u00e0ria auton\u00f2mica que va tornar a enviar les propostes als diferents departaments de sanitat caiguin en sac foradat i m\u00e9s amb l&#8217;aportaci\u00f3 de dades sanit\u00e0ries reals proporcionades per la pr\u00f2pia conselleria. la plataforma se sent agra\u00efda pel tracte rebut per part de la consellera i el suport rebut de la mancomunitat. la plataforma seguir\u00e0 amb el seu treball per aconseguir una atenci\u00f3 sanit\u00e0ria digna, propera i de qualitat &#8220;, han finalitzat.<\/p>\n","protected":false},"excerpt":{"rendered":"<div class=\"mh-excerpt\">El passat dia 23 de setembre representants de la Plataforma pro hospital comarcal van mantenir una reuni\u00f3 de treball amb la Secret\u00e0ria auton\u00f2mica d&#8217;Efici\u00e8ncia i Tecnologia Sanit\u00e0ria, Concha Andr\u00e9s Sanchis, en qu\u00e8 va estar present <a class=\"mh-excerpt-more\" href=\"https:\/\/www.tucomarca.com\/wordpress\/segunda\/ca\/la-plataforma-pro-hospital-comarcal-es-reuneix-amb-la-secretaria-autonomica-deficiencia-i-tecnologia-sanitaria\/\" title=\"La Plataforma pro hospital comarcal es reuneix amb la secret\u00e0ria auton\u00f2mica d&#8217;Efici\u00e8ncia i Tecnologia Sanit\u00e0ria\">[+] <\/a><\/div>\n","protected":false},"author":12,"featured_media":114394,"comment_status":"open","ping_status":"open","sticky":false,"template":"","format":"standard","meta":{"footnotes":""},"categories":[11010,10948,10894,10912,10896],"tags":[5952],"class_list":{"0":"post-114665","1":"post","2":"type-post","3":"status-publish","4":"format-standard","5":"has-post-thumbnail","7":"category-canal-salud","8":"category-infraestructuras-ca","9":"category-la-comarca-ca","10":"category-la-hoya-ca","11":"category-seccion-ca","12":"tag-la-hoya-de-bunol-chiva"},"_links":{"self":[{"href":"https:\/\/www.tucomarca.com\/wordpress\/segunda\/ca\/wp-json\/wp\/v2\/posts\/114665","targetHints":{"allow":["GET"]}}],"collection":[{"href":"https:\/\/www.tucomarca.com\/wordpress\/segunda\/ca\/wp-json\/wp\/v2\/posts"}],"about":[{"href":"https:\/\/www.tucomarca.com\/wordpress\/segunda\/ca\/wp-json\/wp\/v2\/types\/post"}],"author":[{"embeddable":true,"href":"https:\/\/www.tucomarca.com\/wordpress\/segunda\/ca\/wp-json\/wp\/v2\/users\/12"}],"replies":[{"embeddable":true,"href":"https:\/\/www.tucomarca.com\/wordpress\/segunda\/ca\/wp-json\/wp\/v2\/comments?post=114665"}],"version-history":[{"count":0,"href":"https:\/\/www.tucomarca.com\/wordpress\/segunda\/ca\/wp-json\/wp\/v2\/posts\/114665\/revisions"}],"wp:featuredmedia":[{"embeddable":true,"href":"https:\/\/www.tucomarca.com\/wordpress\/segunda\/ca\/wp-json\/wp\/v2\/media\/114394"}],"wp:attachment":[{"href":"https:\/\/www.tucomarca.com\/wordpress\/segunda\/ca\/wp-json\/wp\/v2\/media?parent=114665"}],"wp:term":[{"taxonomy":"category","embeddable":true,"href":"https:\/\/www.tucomarca.com\/wordpress\/segunda\/ca\/wp-json\/wp\/v2\/categories?post=114665"},{"taxonomy":"post_tag","embeddable":true,"href":"https:\/\/www.tucomarca.com\/wordpress\/segunda\/ca\/wp-json\/wp\/v2\/tags?post=114665"}],"curies":[{"name":"wp","href":"https:\/\/api.w.org\/{rel}","templated":true}]}}