{"id":114686,"date":"2020-10-02T11:15:54","date_gmt":"2020-10-02T09:15:54","guid":{"rendered":"http:\/\/www.tucomarca.com\/wordpress\/segunda\/?p=114686"},"modified":"2020-10-02T15:59:46","modified_gmt":"2020-10-02T13:59:46","slug":"llancen-a-requena-utiel-la-campanya-per-una-volta-segura-a-les-aulas-en-xarxes-socials","status":"publish","type":"post","link":"https:\/\/www.tucomarca.com\/wordpress\/segunda\/ca\/llancen-a-requena-utiel-la-campanya-per-una-volta-segura-a-les-aulas-en-xarxes-socials\/","title":{"rendered":"Llancen a Requena-Utiel la campanya &#8220;Per una volta segura a les aulas&#8221; en xarxes socials"},"content":{"rendered":"\n<p>Els Servicis de Joventut d&#8217;Utiel, Requena i la Mancomunitat de l&#8217;Interior Terra del Vi han estat treballant durant els mesos de crisi sanit\u00e0ria en campanyes de sensibilitzaci\u00f3 per a conscienciar i mostrar als j\u00f3vens la import\u00e0ncia del seu comprom\u00eds amb la societat i amb el seu municipi, en els temps que estem vivint. Amb l&#8217;inici del nou curs escolar, l&#8217;equip de Joventut de la MITV torna a llan\u00e7ar una campanya que t\u00e9 com a objectiu animar a les persones j\u00f3vens a qu\u00e8 continuen demostrant la seua responsabilitat i sentit com\u00fa, dins i fora de l&#8217;aules. <\/p>\n\n\n\n<p>Esta metodologia de treball, que es basa en l&#8217;orientaci\u00f3 i l&#8217;acompanyament als j\u00f3vens, afavorix la seua participaci\u00f3 activa en tot el que tinga a veure amb ells. <\/p>\n\n\n\n<p>A m\u00e9s, els professionals de joventut treballen per a ser nexes d&#8217;uni\u00f3 entre l&#8217;administraci\u00f3 p\u00fablica i la joventut, creant canals i espais de trobada. <\/p>\n\n\n\n<p>Finalment, animen totes les persones j\u00f3vens a qu\u00e8 difonguen el missatge de la nova campanya de sensibilitzaci\u00f3: Per una volta segura a les aules. Informa,<strong> Luis Ib\u00e1\u00f1ez<\/strong>.<\/p>\n","protected":false},"excerpt":{"rendered":"<div class=\"mh-excerpt\">Els Servicis de Joventut d&#8217;Utiel, Requena i la Mancomunitat de l&#8217;Interior Terra del Vi han estat treballant durant els mesos de crisi sanit\u00e0ria en campanyes de sensibilitzaci\u00f3 per a conscienciar i mostrar als j\u00f3vens la <a class=\"mh-excerpt-more\" href=\"https:\/\/www.tucomarca.com\/wordpress\/segunda\/ca\/llancen-a-requena-utiel-la-campanya-per-una-volta-segura-a-les-aulas-en-xarxes-socials\/\" title=\"Llancen a Requena-Utiel la campanya &#8220;Per una volta segura a les aulas&#8221; en xarxes socials\">[+] <\/a><\/div>\n","protected":false},"author":1,"featured_media":108742,"comment_status":"open","ping_status":"open","sticky":false,"template":"","format":"standard","meta":{"footnotes":""},"categories":[11010,12202,10948,10894,10908,10909,10896,10897,11059],"tags":[11254,11456,11939,11940,11905,10910],"class_list":{"0":"post-114686","1":"post","2":"type-post","3":"status-publish","4":"format-standard","5":"has-post-thumbnail","7":"category-canal-salud","8":"category-covid-19-ca","9":"category-infraestructuras-ca","10":"category-la-comarca-ca","11":"category-requena-ca","12":"category-requena-utiel-ca","13":"category-seccion-ca","14":"category-sucesos-la-comarca-ca","15":"category-utiel-ca","16":"tag-ayuntamiento-de-requena-ca","17":"tag-ayuntamiento-de-utiel-ca","18":"tag-coronavirus-ca","19":"tag-covid-19-ca","20":"tag-mancomunidad-tierra-del-vino-ca","21":"tag-requena-utiel-ca"},"_links":{"self":[{"href":"https:\/\/www.tucomarca.com\/wordpress\/segunda\/ca\/wp-json\/wp\/v2\/posts\/114686","targetHints":{"allow":["GET"]}}],"collection":[{"href":"https:\/\/www.tucomarca.com\/wordpress\/segunda\/ca\/wp-json\/wp\/v2\/posts"}],"about":[{"href":"https:\/\/www.tucomarca.com\/wordpress\/segunda\/ca\/wp-json\/wp\/v2\/types\/post"}],"author":[{"embeddable":true,"href":"https:\/\/www.tucomarca.com\/wordpress\/segunda\/ca\/wp-json\/wp\/v2\/users\/1"}],"replies":[{"embeddable":true,"href":"https:\/\/www.tucomarca.com\/wordpress\/segunda\/ca\/wp-json\/wp\/v2\/comments?post=114686"}],"version-history":[{"count":0,"href":"https:\/\/www.tucomarca.com\/wordpress\/segunda\/ca\/wp-json\/wp\/v2\/posts\/114686\/revisions"}],"wp:featuredmedia":[{"embeddable":true,"href":"https:\/\/www.tucomarca.com\/wordpress\/segunda\/ca\/wp-json\/wp\/v2\/media\/108742"}],"wp:attachment":[{"href":"https:\/\/www.tucomarca.com\/wordpress\/segunda\/ca\/wp-json\/wp\/v2\/media?parent=114686"}],"wp:term":[{"taxonomy":"category","embeddable":true,"href":"https:\/\/www.tucomarca.com\/wordpress\/segunda\/ca\/wp-json\/wp\/v2\/categories?post=114686"},{"taxonomy":"post_tag","embeddable":true,"href":"https:\/\/www.tucomarca.com\/wordpress\/segunda\/ca\/wp-json\/wp\/v2\/tags?post=114686"}],"curies":[{"name":"wp","href":"https:\/\/api.w.org\/{rel}","templated":true}]}}