{"id":115144,"date":"2020-10-06T08:00:44","date_gmt":"2020-10-06T06:00:44","guid":{"rendered":"http:\/\/www.tucomarca.com\/wordpress\/segunda\/?p=115144"},"modified":"2020-10-07T10:10:34","modified_gmt":"2020-10-07T08:10:34","slug":"bunol-obri-el-termini-de-presentacio-de-fotografies-per-al-iii-concurs-de-fotografia-barri-sant-rafael","status":"publish","type":"post","link":"https:\/\/www.tucomarca.com\/wordpress\/segunda\/ca\/bunol-obri-el-termini-de-presentacio-de-fotografies-per-al-iii-concurs-de-fotografia-barri-sant-rafael\/","title":{"rendered":"Bu\u00f1ol obri el termini de presentaci\u00f3 de fotografies per al III Concurs de Fotografia &#8220;Barri Sant Rafael&#8221;"},"content":{"rendered":"\n<p>Els interessats a participar en este concurs poden emetre per Registre d&#8217;entrada de l&#8217;Ajuntament de Bu\u00f1ol les seues obres in\u00e8dites (fins a un total de 3 fotografies per autor) fins al 23 d&#8217;octubre. Els premis que s&#8217;atorgaran van des dels 250\u20ac per al guanyador, fins als 100\u20ac per al Tercer Premi i Premi del P\u00fablic. L&#8217;entrega de premis es far\u00e0 en acte p\u00fablic el 7 de novembre amb motiu de la inauguraci\u00f3 de l&#8217;exposici\u00f3 de les fotografies a concurs.<\/p>\n\n\n\n<p>Les bases d&#8217;este concurs es troben en <a href=\"http:\/\/www.bunyol.es\">www.bunyol.es<\/a><\/p>\n","protected":false},"excerpt":{"rendered":"<div class=\"mh-excerpt\">Els interessats a participar en este concurs poden emetre per Registre d&#8217;entrada de l&#8217;Ajuntament de Bu\u00f1ol les seues obres in\u00e8dites (fins a un total de 3 fotografies per autor) fins al 23 d&#8217;octubre. Els premis <a class=\"mh-excerpt-more\" href=\"https:\/\/www.tucomarca.com\/wordpress\/segunda\/ca\/bunol-obri-el-termini-de-presentacio-de-fotografies-per-al-iii-concurs-de-fotografia-barri-sant-rafael\/\" title=\"Bu\u00f1ol obri el termini de presentaci\u00f3 de fotografies per al III Concurs de Fotografia &#8220;Barri Sant Rafael&#8221;\">[+] <\/a><\/div>\n","protected":false},"author":12,"featured_media":115143,"comment_status":"open","ping_status":"open","sticky":false,"template":"","format":"standard","meta":{"footnotes":""},"categories":[11019,10911,10894,10912,11007,10896],"tags":[5335,12686,5952],"class_list":{"0":"post-115144","1":"post","2":"type-post","3":"status-publish","4":"format-standard","5":"has-post-thumbnail","7":"category-agenda-ca","8":"category-bunol-ca","9":"category-la-comarca-ca","10":"category-la-hoya-ca","11":"category-ocio-y-cultura-ca","12":"category-seccion-ca","13":"tag-ayuntamiento-de-bunol","14":"tag-iii-concurso-de-fotografia-barrio-san-rafael","15":"tag-la-hoya-de-bunol-chiva"},"_links":{"self":[{"href":"https:\/\/www.tucomarca.com\/wordpress\/segunda\/ca\/wp-json\/wp\/v2\/posts\/115144","targetHints":{"allow":["GET"]}}],"collection":[{"href":"https:\/\/www.tucomarca.com\/wordpress\/segunda\/ca\/wp-json\/wp\/v2\/posts"}],"about":[{"href":"https:\/\/www.tucomarca.com\/wordpress\/segunda\/ca\/wp-json\/wp\/v2\/types\/post"}],"author":[{"embeddable":true,"href":"https:\/\/www.tucomarca.com\/wordpress\/segunda\/ca\/wp-json\/wp\/v2\/users\/12"}],"replies":[{"embeddable":true,"href":"https:\/\/www.tucomarca.com\/wordpress\/segunda\/ca\/wp-json\/wp\/v2\/comments?post=115144"}],"version-history":[{"count":0,"href":"https:\/\/www.tucomarca.com\/wordpress\/segunda\/ca\/wp-json\/wp\/v2\/posts\/115144\/revisions"}],"wp:featuredmedia":[{"embeddable":true,"href":"https:\/\/www.tucomarca.com\/wordpress\/segunda\/ca\/wp-json\/wp\/v2\/media\/115143"}],"wp:attachment":[{"href":"https:\/\/www.tucomarca.com\/wordpress\/segunda\/ca\/wp-json\/wp\/v2\/media?parent=115144"}],"wp:term":[{"taxonomy":"category","embeddable":true,"href":"https:\/\/www.tucomarca.com\/wordpress\/segunda\/ca\/wp-json\/wp\/v2\/categories?post=115144"},{"taxonomy":"post_tag","embeddable":true,"href":"https:\/\/www.tucomarca.com\/wordpress\/segunda\/ca\/wp-json\/wp\/v2\/tags?post=115144"}],"curies":[{"name":"wp","href":"https:\/\/api.w.org\/{rel}","templated":true}]}}