{"id":115153,"date":"2020-10-07T09:30:38","date_gmt":"2020-10-07T07:30:38","guid":{"rendered":"http:\/\/www.tucomarca.com\/wordpress\/segunda\/?p=115153"},"modified":"2020-10-07T10:29:27","modified_gmt":"2020-10-07T08:29:27","slug":"lajuntament-de-xest-agraix-la-collaboracio-dels-agricultors-en-la-desinfeccio-de-carrers","status":"publish","type":"post","link":"https:\/\/www.tucomarca.com\/wordpress\/segunda\/ca\/lajuntament-de-xest-agraix-la-collaboracio-dels-agricultors-en-la-desinfeccio-de-carrers\/","title":{"rendered":"L&#8217;Ajuntament de Xest agra\u00efx la col\u00b7laboraci\u00f3 dels agricultors en la desinfecci\u00f3 de carrers"},"content":{"rendered":"\n<p>Enfront del brot de COVID-19 registrat a Xest el passat mes d&#8217;agost, els agricultors de la localitat van tornar a col\u00b7laborar de manera volunt\u00e0ria en la desinfecci\u00f3 dels carrers del municipi, tal com van fer durant el confinament; per\u00f2 esta vegada amb una freq\u00fc\u00e8ncia de dos vegades per setmana.<\/p>\n\n\n\n<p>&#8220;Desde l&#8217;Ajuntament volem recon\u00e9ixer la seua col\u00b7laboraci\u00f3 i donar-los les gr\u00e0cies per estar sempre disponibles&#8221;, ha declarat l&#8217;alcalde, Jos\u00e9 Morell.<\/p>\n\n\n\n<p>Esta segona tanda de neteja amb polvoritzadors s&#8217;ha realitzat durant quasi un mes, els dimarts i els dissabtes, en els horaris de menor aflu\u00e8ncia de tr\u00e0fic i vianants; i s&#8217;ha utilitzat una dissoluci\u00f3 desinfectant que no \u00e9s perjudicial per a les persones ni per a animals de companyia.<\/p>\n","protected":false},"excerpt":{"rendered":"<div class=\"mh-excerpt\">Enfront del brot de COVID-19 registrat a Xest el passat mes d&#8217;agost, els agricultors de la localitat van tornar a col\u00b7laborar de manera volunt\u00e0ria en la desinfecci\u00f3 dels carrers del municipi, tal com van fer <a class=\"mh-excerpt-more\" href=\"https:\/\/www.tucomarca.com\/wordpress\/segunda\/ca\/lajuntament-de-xest-agraix-la-collaboracio-dels-agricultors-en-la-desinfeccio-de-carrers\/\" title=\"L&#8217;Ajuntament de Xest agra\u00efx la col\u00b7laboraci\u00f3 dels agricultors en la desinfecci\u00f3 de carrers\">[+] <\/a><\/div>\n","protected":false},"author":12,"featured_media":89187,"comment_status":"open","ping_status":"open","sticky":false,"template":"","format":"standard","meta":{"footnotes":""},"categories":[11010,12202,10948,10894,10912,10903,10896,10897,10974],"tags":[11222,11939,11940,10914],"class_list":{"0":"post-115153","1":"post","2":"type-post","3":"status-publish","4":"format-standard","5":"has-post-thumbnail","7":"category-canal-salud","8":"category-covid-19-ca","9":"category-infraestructuras-ca","10":"category-la-comarca-ca","11":"category-la-hoya-ca","12":"category-medio-ambiente-la-comarca-ca","13":"category-seccion-ca","14":"category-sucesos-la-comarca-ca","15":"category-cheste-ca","16":"tag-ayuntamiento-de-cheste-ca","17":"tag-coronavirus-ca","18":"tag-covid-19-ca","19":"tag-la-hoya-de-bunol-chiva-ca"},"_links":{"self":[{"href":"https:\/\/www.tucomarca.com\/wordpress\/segunda\/ca\/wp-json\/wp\/v2\/posts\/115153","targetHints":{"allow":["GET"]}}],"collection":[{"href":"https:\/\/www.tucomarca.com\/wordpress\/segunda\/ca\/wp-json\/wp\/v2\/posts"}],"about":[{"href":"https:\/\/www.tucomarca.com\/wordpress\/segunda\/ca\/wp-json\/wp\/v2\/types\/post"}],"author":[{"embeddable":true,"href":"https:\/\/www.tucomarca.com\/wordpress\/segunda\/ca\/wp-json\/wp\/v2\/users\/12"}],"replies":[{"embeddable":true,"href":"https:\/\/www.tucomarca.com\/wordpress\/segunda\/ca\/wp-json\/wp\/v2\/comments?post=115153"}],"version-history":[{"count":0,"href":"https:\/\/www.tucomarca.com\/wordpress\/segunda\/ca\/wp-json\/wp\/v2\/posts\/115153\/revisions"}],"wp:featuredmedia":[{"embeddable":true,"href":"https:\/\/www.tucomarca.com\/wordpress\/segunda\/ca\/wp-json\/wp\/v2\/media\/89187"}],"wp:attachment":[{"href":"https:\/\/www.tucomarca.com\/wordpress\/segunda\/ca\/wp-json\/wp\/v2\/media?parent=115153"}],"wp:term":[{"taxonomy":"category","embeddable":true,"href":"https:\/\/www.tucomarca.com\/wordpress\/segunda\/ca\/wp-json\/wp\/v2\/categories?post=115153"},{"taxonomy":"post_tag","embeddable":true,"href":"https:\/\/www.tucomarca.com\/wordpress\/segunda\/ca\/wp-json\/wp\/v2\/tags?post=115153"}],"curies":[{"name":"wp","href":"https:\/\/api.w.org\/{rel}","templated":true}]}}