{"id":115180,"date":"2020-10-06T15:15:41","date_gmt":"2020-10-06T13:15:41","guid":{"rendered":"http:\/\/www.tucomarca.com\/wordpress\/segunda\/el-pp-de-bunol-muestra-sus-condolencias-por-el-fallecimiento-de-pablo-cusi\/"},"modified":"2020-10-06T23:34:18","modified_gmt":"2020-10-06T21:34:18","slug":"el-pp-de-bunol-muestra-sus-condolencias-por-el-fallecimiento-de-pablo-cusi","status":"publish","type":"post","link":"https:\/\/www.tucomarca.com\/wordpress\/segunda\/ca\/el-pp-de-bunol-muestra-sus-condolencias-por-el-fallecimiento-de-pablo-cusi\/","title":{"rendered":"El PP de Bunyol mostra el seu condol per la mort de Pablo Cus\u00ed"},"content":{"rendered":"\n<p>&#8220;La fam\u00edlia Popular de Bunyol manifesta la seva enorme tristesa per la mort de Pablo Cus\u00ed Serra. Ens unim a la consternaci\u00f3 social per la seva p\u00e8rdua de qui va ser un gran exemple per a tot Bunyol per la seva tenacitat i fortalesa per afrontar les adversitats. El nostre m\u00e9s sentit condol a tota la seva fam\u00edlia. Descansi en Pau&#8221;.<\/p>\n","protected":false},"excerpt":{"rendered":"<div class=\"mh-excerpt\">&#8220;La fam\u00edlia Popular de Bunyol manifesta la seva enorme tristesa per la mort de Pablo Cus\u00ed Serra. Ens unim a la consternaci\u00f3 social per la seva p\u00e8rdua de qui va ser un gran exemple per <a class=\"mh-excerpt-more\" href=\"https:\/\/www.tucomarca.com\/wordpress\/segunda\/ca\/el-pp-de-bunol-muestra-sus-condolencias-por-el-fallecimiento-de-pablo-cusi\/\" title=\"El PP de Bunyol mostra el seu condol per la mort de Pablo Cus\u00ed\">[+] <\/a><\/div>\n","protected":false},"author":1,"featured_media":101803,"comment_status":"open","ping_status":"open","sticky":false,"template":"","format":"standard","meta":{"footnotes":""},"categories":[10911,10894,10912,10947,10896],"tags":[5952,63],"class_list":{"0":"post-115180","1":"post","2":"type-post","3":"status-publish","4":"format-standard","5":"has-post-thumbnail","7":"category-bunol-ca","8":"category-la-comarca-ca","9":"category-la-hoya-ca","10":"category-politica","11":"category-seccion-ca","12":"tag-la-hoya-de-bunol-chiva","13":"tag-pp"},"_links":{"self":[{"href":"https:\/\/www.tucomarca.com\/wordpress\/segunda\/ca\/wp-json\/wp\/v2\/posts\/115180","targetHints":{"allow":["GET"]}}],"collection":[{"href":"https:\/\/www.tucomarca.com\/wordpress\/segunda\/ca\/wp-json\/wp\/v2\/posts"}],"about":[{"href":"https:\/\/www.tucomarca.com\/wordpress\/segunda\/ca\/wp-json\/wp\/v2\/types\/post"}],"author":[{"embeddable":true,"href":"https:\/\/www.tucomarca.com\/wordpress\/segunda\/ca\/wp-json\/wp\/v2\/users\/1"}],"replies":[{"embeddable":true,"href":"https:\/\/www.tucomarca.com\/wordpress\/segunda\/ca\/wp-json\/wp\/v2\/comments?post=115180"}],"version-history":[{"count":0,"href":"https:\/\/www.tucomarca.com\/wordpress\/segunda\/ca\/wp-json\/wp\/v2\/posts\/115180\/revisions"}],"wp:featuredmedia":[{"embeddable":true,"href":"https:\/\/www.tucomarca.com\/wordpress\/segunda\/ca\/wp-json\/wp\/v2\/media\/101803"}],"wp:attachment":[{"href":"https:\/\/www.tucomarca.com\/wordpress\/segunda\/ca\/wp-json\/wp\/v2\/media?parent=115180"}],"wp:term":[{"taxonomy":"category","embeddable":true,"href":"https:\/\/www.tucomarca.com\/wordpress\/segunda\/ca\/wp-json\/wp\/v2\/categories?post=115180"},{"taxonomy":"post_tag","embeddable":true,"href":"https:\/\/www.tucomarca.com\/wordpress\/segunda\/ca\/wp-json\/wp\/v2\/tags?post=115180"}],"curies":[{"name":"wp","href":"https:\/\/api.w.org\/{rel}","templated":true}]}}