{"id":115278,"date":"2020-10-07T20:55:55","date_gmt":"2020-10-07T18:55:55","guid":{"rendered":"http:\/\/www.tucomarca.com\/wordpress\/segunda\/?p=115278"},"modified":"2020-10-07T23:27:55","modified_gmt":"2020-10-07T21:27:55","slug":"el-govern-de-riba-roja-creu-que-la-cebera-no-es-lespai-idoni-per-retolar-un-carrer-amb-el-nom-de-guillem-agullo","status":"publish","type":"post","link":"https:\/\/www.tucomarca.com\/wordpress\/segunda\/ca\/el-govern-de-riba-roja-creu-que-la-cebera-no-es-lespai-idoni-per-retolar-un-carrer-amb-el-nom-de-guillem-agullo\/","title":{"rendered":"El govern de Riba-roja creu que la Cebera no \u00e9s l&#8217;espai &#8220;idoni&#8221; per retolar un carrer amb el nom de Guillem Agull\u00f3"},"content":{"rendered":"\n<p>Des de l&#8217;equip de govern de Riba-roja s&#8217;ha em\u00e8s un comunicat en el qual es volen expressar les seg\u00fcents puntualitzacions en relaci\u00f3 a la moci\u00f3 presentada per l&#8217;Esquerra de Riba-roja i Comprom\u00eds per Riba-roja en l&#8217;\u00faltim ple ordinari per dedicar un espai p\u00fablic o carrer a Guillem Agull\u00f3:<\/p>\n\n\n\n<p>&#8220;1.- L&#8217;equip de govern de Riba-roja de T\u00faria comparteix plenament el fons de la moci\u00f3 i el seu rebuig frontal a les actituds feixistes en qualsevol dels seus vessants com aix\u00ed ha demostrat al llarg de la seua traject\u00f2ria. El comprom\u00eds amb la llibertat i la protecci\u00f3 dels drets de les persones s\u00f3n un actiu indestructible que defensem de manera encomiable &#8220;.<\/p>\n\n\n\n<p>&#8220;2.- El govern municipal va presentar una esmena a l&#8217;esmentada moci\u00f3 en qu\u00e8 proposava crear una comissi\u00f3 formada per tots els partits municipals en qu\u00e8 es decidiria el lloc idoni al municipi per dedicar a el jove Guillem Agull\u00f3, un jove de Burjassot que l&#8217;any 1993 va ser mort a mans d&#8217;un neonazi a Montanejos &#8220;.<\/p>\n\n\n\n<p>&#8220;3.- El govern considera que la Cebera no \u00e9s l&#8217;espai idoni perqu\u00e8 passe a ser conegut amb el nom de Guillem Agull\u00f3 ja que hist\u00f2ricament se li coneix amb el seu t\u00edtol original entre la joventut com a punt de trobada. Per aquest motiu no vam aprovar la literalitat de la moci\u00f3 presentada ja que els partits proponents es van oposar a buscar alternatives factibles&#8221;.<\/p>\n\n\n\n<p>&#8220;4.- El govern local de Riba-vermella \u00e9s partidari d&#8217;arribar a consensos des de l&#8217;assossec i la tranquil\u00b7litat per triar la millor ubicaci\u00f3 que servisca d&#8217;homenatge a Guillem Agull\u00f3, ja siga una pla\u00e7a, un carrer o un edifici p\u00fablic&#8221;.<\/p>\n","protected":false},"excerpt":{"rendered":"<div class=\"mh-excerpt\">Des de l&#8217;equip de govern de Riba-roja s&#8217;ha em\u00e8s un comunicat en el qual es volen expressar les seg\u00fcents puntualitzacions en relaci\u00f3 a la moci\u00f3 presentada per l&#8217;Esquerra de Riba-roja i Comprom\u00eds per Riba-roja en <a class=\"mh-excerpt-more\" href=\"https:\/\/www.tucomarca.com\/wordpress\/segunda\/ca\/el-govern-de-riba-roja-creu-que-la-cebera-no-es-lespai-idoni-per-retolar-un-carrer-amb-el-nom-de-guillem-agullo\/\" title=\"El govern de Riba-roja creu que la Cebera no \u00e9s l&#8217;espai &#8220;idoni&#8221; per retolar un carrer amb el nom de Guillem Agull\u00f3\">[+] <\/a><\/div>\n","protected":false},"author":12,"featured_media":94817,"comment_status":"open","ping_status":"open","sticky":false,"template":"","format":"standard","meta":{"footnotes":""},"categories":[10892,10894,10947,10906,10896],"tags":[10631,10395,12722],"class_list":{"0":"post-115278","1":"post","2":"type-post","3":"status-publish","4":"format-standard","5":"has-post-thumbnail","7":"category-camp-de-turia-ca","8":"category-la-comarca-ca","9":"category-politica","10":"category-riba-roja-ca","11":"category-seccion-ca","12":"tag-ajuntament-de-riba-roja","13":"tag-camp-de-turia","14":"tag-guillem-agullo"},"_links":{"self":[{"href":"https:\/\/www.tucomarca.com\/wordpress\/segunda\/ca\/wp-json\/wp\/v2\/posts\/115278","targetHints":{"allow":["GET"]}}],"collection":[{"href":"https:\/\/www.tucomarca.com\/wordpress\/segunda\/ca\/wp-json\/wp\/v2\/posts"}],"about":[{"href":"https:\/\/www.tucomarca.com\/wordpress\/segunda\/ca\/wp-json\/wp\/v2\/types\/post"}],"author":[{"embeddable":true,"href":"https:\/\/www.tucomarca.com\/wordpress\/segunda\/ca\/wp-json\/wp\/v2\/users\/12"}],"replies":[{"embeddable":true,"href":"https:\/\/www.tucomarca.com\/wordpress\/segunda\/ca\/wp-json\/wp\/v2\/comments?post=115278"}],"version-history":[{"count":0,"href":"https:\/\/www.tucomarca.com\/wordpress\/segunda\/ca\/wp-json\/wp\/v2\/posts\/115278\/revisions"}],"wp:featuredmedia":[{"embeddable":true,"href":"https:\/\/www.tucomarca.com\/wordpress\/segunda\/ca\/wp-json\/wp\/v2\/media\/94817"}],"wp:attachment":[{"href":"https:\/\/www.tucomarca.com\/wordpress\/segunda\/ca\/wp-json\/wp\/v2\/media?parent=115278"}],"wp:term":[{"taxonomy":"category","embeddable":true,"href":"https:\/\/www.tucomarca.com\/wordpress\/segunda\/ca\/wp-json\/wp\/v2\/categories?post=115278"},{"taxonomy":"post_tag","embeddable":true,"href":"https:\/\/www.tucomarca.com\/wordpress\/segunda\/ca\/wp-json\/wp\/v2\/tags?post=115278"}],"curies":[{"name":"wp","href":"https:\/\/api.w.org\/{rel}","templated":true}]}}