{"id":115436,"date":"2020-10-08T23:30:26","date_gmt":"2020-10-08T21:30:26","guid":{"rendered":"http:\/\/www.tucomarca.com\/wordpress\/segunda\/?p=115436"},"modified":"2020-10-09T13:20:05","modified_gmt":"2020-10-09T11:20:05","slug":"el-programa-bankia-escolta-valencia-impulsa-noves-iniciatives-adaptat-a-les-recomanacions-sanitaries","status":"publish","type":"post","link":"https:\/\/www.tucomarca.com\/wordpress\/segunda\/ca\/el-programa-bankia-escolta-valencia-impulsa-noves-iniciatives-adaptat-a-les-recomanacions-sanitaries\/","title":{"rendered":"El programa &#8216;Bankia escolta Val\u00e8ncia&#8217; impulsa noves iniciatives adaptat a les recomanacions sanit\u00e0ries"},"content":{"rendered":"\n<h4 class=\"wp-block-heading\"><strong>Impulsat per l&#8217;IVC, la FSMCV i Bankia, mant\u00e9 el suport a projectes programats per a enguany i impulsa noves iniciatives per a adaptar-se a situaci\u00f3 derivada de la pand\u00e8mia<\/strong><\/h4>\n\n\n\n<h4 class=\"wp-block-heading\"><strong>Entre les novetats d&#8217;enguany destaca la campanya &#8216;M\u00fasica a la llum &#8211; Concerts a la Casa de la M\u00fasica&#8217;, un cicle de 15 concerts de grups de petit format<\/strong><\/h4>\n\n\n\n<p>El projecte &#8216;Bankia escolta Val\u00e8ncia&#8217;, impulsat per l&#8217;FSMCV i l&#8217;Institut Valenci\u00e0 de Cultura amb el suport de Bankia i dirigit a promocionar i donar suport a la m\u00fasica al territori valenci\u00e0 i al moviment associatiu musical, continuar\u00e0 donant suport als projectes programats per a enguany a pesar de les dificultats que presenta la situaci\u00f3 d&#8217;emerg\u00e8ncia sanit\u00e0ria provocada per la COVID-19. Per a fer-ho, s&#8217;adaptaran a la nova normalitat els projectes programats per a aquesta edici\u00f3 i es proposen noves iniciatives que permeten complir amb les recomanacions sanit\u00e0ries per a aquest tipus d&#8217;activitats culturals.&nbsp;<\/p>\n\n\n\n<p>Una de les principals novetats d&#8217;enguany \u00e9s la creaci\u00f3 de la campanya &#8216;M\u00fasica a la llum &#8211; Concerts a la Casa de la M\u00fasica&#8217;. Aquest nou projecte consta d&#8217;un cicle de 15 concerts de grups de petit format (grups de cambra, &#8216;big bands&#8217;, entre altres) que pertanyen a societats musicals federades. Cada concert est\u00e0 dotat amb 1.000 euros per a cada societat musical participant i se celebraran a la Casa de la M\u00fasica &#8211; Alqueria Juli\u00e0, nova seu de la Federaci\u00f3 de Societats Musicals de la Comunitat Valenciana cedida per Bankia.&nbsp;<\/p>\n\n\n\n<p>Aquest nou projecte t\u00e9 com a finalitat estimular les formacions de cambra de les societats musicals, dotar la &#8216;Casa de la M\u00fasica-Alqueria Juli\u00e0&#8217; d&#8217;una programaci\u00f3 cultural estable, obrir aquesta nova seu de l&#8217;FSMCV a totes les societats musicals, aix\u00ed com recuperar el patrimoni musical valenci\u00e0, entre altres.&nbsp;<\/p>\n\n\n\n<p>Tamb\u00e9 emmarcat en el programa &#8216;Bankia escolta Val\u00e8ncia&#8217;, el III Cicle de Concerts Bankia d&#8217;Orquestres de les Societats Musicals continuar\u00e0 fomentant el teixit orquestral d&#8217;aquestes entitats i acostant aquest tipus de repertoris als municipis valencians, per a impulsar aix\u00ed la seua promoci\u00f3 cultural i tur\u00edstica. En els pr\u00f2xims dies, l&#8217;FSMCV posar\u00e0 a disposici\u00f3 de les seues societats musicals les bases per a la participaci\u00f3 en aquesta campanya, els concerts de la qual es poden fer entre l&#8217;1 de novembre de 2020 i el 31 de mar\u00e7 de 2021.&nbsp;<\/p>\n\n\n\n<p>Les societats musicals que hi participen rebran per a fer-ho una ajuda econ\u00f2mica de 1.500 euros cada una. Per primera vegada, i amb l&#8217;objectiu d&#8217;assegurar el compliment de les mesures de seguretat i sanit\u00e0ries establides, es podr\u00e0 participar a trav\u00e9s de la modalitat en l\u00ednia, i es realitzar\u00e0 un concert en &#8216;streaming&#8217;.&nbsp;<\/p>\n\n\n\n<p>Per la seua banda, el III Festival Bankia d&#8217;Orquestres de la Comunitat Valenciana est\u00e0 previst que se celebre el 5 de desembre al Teatre de la Uni\u00f3 Musical de Ll\u00edria, amb la participaci\u00f3 de tres orquestres: Orquestra de la Societat Musical d&#8217;Alzira, Jove Orquestra Uni\u00f3 Musical de Benaguasil i Orquestra Simf\u00f2nica Uni\u00f3 Musical de Ll\u00edria.&nbsp;<\/p>\n\n\n\n<p>Marga Landete, directora adjunta de M\u00fasica i Cultura Popular de l&#8217;Institut Valenci\u00e0 de Cultura, ha explicat: &#8220;En aquest context de pand\u00e8mia, des de l&#8217;IVC hem tingut molt clar des del primer moment que vol\u00edem conservar i continuar la nostra activitat dins de la m\u00e0xima normalitat possible, i aix\u00ed ha sigut tamb\u00e9 en aquest projecte que fem en col\u00b7laboraci\u00f3 amb la Federaci\u00f3 de Societats Musicals i amb Bankia. Hem hagut de fer adaptacions, per\u00f2 l&#8217;important \u00e9s que continua l&#8217;activitat i volem continuar fomentant i donant suport a la pr\u00e0ctica de la m\u00fasica orquestral dins de les societats musicals valencianes&#8221;.&nbsp;<\/p>\n\n\n\n<p>&#8220;De nou volem reafirmar el nostre comprom\u00eds amb &#8216;Bankia escolta Val\u00e8ncia&#8217; en un moment en qu\u00e8 \u00e9s fonamental protegir la important tasca de les societats musicals, aix\u00ed com els valors que transmet la nostra m\u00fasica com a eix vertebrador de les nostres tres prov\u00edncies i, tamb\u00e9, com a al\u00e9 en aquests temps dif\u00edcils&#8221;, ha assegurat el director corporatiu de la Territorial de Bankia a Val\u00e8ncia i Castell\u00f3, Jaime Casas.&nbsp;<\/p>\n\n\n\n<p>&#8220;El programa &#8216;Bankia escolta Val\u00e8ncia&#8217; suposa un suport vital per al nostre col\u00b7lectiu, gr\u00e0cies al qual hem aconseguit impulsar projectes d&#8217;enorme impacte en les nostres societats musicals i, especialment, en el teixit orquestral valenci\u00e0. Ara, adaptant-nos a aquesta nova normalitat, demostrem novament la capacitat d&#8217;adaptaci\u00f3 de les societats musicals i la nostra aposta ferma per aquest tipus de projectes culturals, tan necessaris en aquests moments&#8221;, ha explicat la presidenta de la FSMCV, Daniela Gonz\u00e1lez.<\/p>\n","protected":false},"excerpt":{"rendered":"<div class=\"mh-excerpt\">Impulsat per l&#8217;IVC, la FSMCV i Bankia, mant\u00e9 el suport a projectes programats per a enguany i impulsa noves iniciatives per a adaptar-se a situaci\u00f3 derivada de la pand\u00e8mia Entre les novetats d&#8217;enguany destaca la <a class=\"mh-excerpt-more\" href=\"https:\/\/www.tucomarca.com\/wordpress\/segunda\/ca\/el-programa-bankia-escolta-valencia-impulsa-noves-iniciatives-adaptat-a-les-recomanacions-sanitaries\/\" title=\"El programa &#8216;Bankia escolta Val\u00e8ncia&#8217; impulsa noves iniciatives adaptat a les recomanacions sanit\u00e0ries\">[+] <\/a><\/div>\n","protected":false},"author":12,"featured_media":115435,"comment_status":"open","ping_status":"open","sticky":false,"template":"","format":"standard","meta":{"footnotes":""},"categories":[10889,10952,10892,11005,10894,10904,10902,10928,11007,10896],"tags":[3677,12730],"class_list":{"0":"post-115436","1":"post","2":"type-post","3":"status-publish","4":"format-standard","5":"has-post-thumbnail","7":"category-alzira-cat","8":"category-benaguasil-ca","9":"category-camp-de-turia-ca","10":"category-canal-musica","11":"category-la-comarca-ca","12":"category-sin-categorizar-ca","13":"category-la-ribera-ca","14":"category-lliria-ca","15":"category-ocio-y-cultura-ca","16":"category-seccion-ca","17":"tag-diputacio-de-valencia","18":"tag-iii-festival-bankia-de-orquestas-de-la-comunitat-valenciana"},"_links":{"self":[{"href":"https:\/\/www.tucomarca.com\/wordpress\/segunda\/ca\/wp-json\/wp\/v2\/posts\/115436","targetHints":{"allow":["GET"]}}],"collection":[{"href":"https:\/\/www.tucomarca.com\/wordpress\/segunda\/ca\/wp-json\/wp\/v2\/posts"}],"about":[{"href":"https:\/\/www.tucomarca.com\/wordpress\/segunda\/ca\/wp-json\/wp\/v2\/types\/post"}],"author":[{"embeddable":true,"href":"https:\/\/www.tucomarca.com\/wordpress\/segunda\/ca\/wp-json\/wp\/v2\/users\/12"}],"replies":[{"embeddable":true,"href":"https:\/\/www.tucomarca.com\/wordpress\/segunda\/ca\/wp-json\/wp\/v2\/comments?post=115436"}],"version-history":[{"count":0,"href":"https:\/\/www.tucomarca.com\/wordpress\/segunda\/ca\/wp-json\/wp\/v2\/posts\/115436\/revisions"}],"wp:featuredmedia":[{"embeddable":true,"href":"https:\/\/www.tucomarca.com\/wordpress\/segunda\/ca\/wp-json\/wp\/v2\/media\/115435"}],"wp:attachment":[{"href":"https:\/\/www.tucomarca.com\/wordpress\/segunda\/ca\/wp-json\/wp\/v2\/media?parent=115436"}],"wp:term":[{"taxonomy":"category","embeddable":true,"href":"https:\/\/www.tucomarca.com\/wordpress\/segunda\/ca\/wp-json\/wp\/v2\/categories?post=115436"},{"taxonomy":"post_tag","embeddable":true,"href":"https:\/\/www.tucomarca.com\/wordpress\/segunda\/ca\/wp-json\/wp\/v2\/tags?post=115436"}],"curies":[{"name":"wp","href":"https:\/\/api.w.org\/{rel}","templated":true}]}}