{"id":115521,"date":"2020-10-08T23:14:42","date_gmt":"2020-10-08T21:14:42","guid":{"rendered":"http:\/\/www.tucomarca.com\/wordpress\/segunda\/?p=115521"},"modified":"2020-10-09T13:16:50","modified_gmt":"2020-10-09T11:16:50","slug":"xest-oferix-refugis-per-a-rates-penades-i-dragons-a-la-poblacio-amb-la-finalitat-de-protegir-a-estos-animals-nocturns","status":"publish","type":"post","link":"https:\/\/www.tucomarca.com\/wordpress\/segunda\/ca\/xest-oferix-refugis-per-a-rates-penades-i-dragons-a-la-poblacio-amb-la-finalitat-de-protegir-a-estos-animals-nocturns\/","title":{"rendered":"Xest oferix refugis per a rates penades i dragons a la poblaci\u00f3 amb la finalitat de protegir a estos animals nocturns"},"content":{"rendered":"\n<p>La regidoria de Medi Ambient posa en marxa la campanya &#8220;Protegix als teus aliats nocturns&#8221;, i cedir\u00e0 refugis per a ratpenats i dragons, comunament conegudes com dracs, perqu\u00e8 s&#8217;instal\u00b7lin en habitatges de particulars.<\/p>\n\n\n\n<p>Les persones interessades a sol\u00b7licitar els refugis s&#8217;han d&#8217;inscriure per tel\u00e8fon, trucant a l&#8217;Ajuntament, a l&#8217;96.251 00 15, abans de 20 d&#8217;octubre. A m\u00e9s de facilitar les seves dades de contacte, hauran de confirmar que han vist amb anterioritat exemplars de ratpenat o drag\u00f3 a la seua zona; que compten amb un focus de llum artificial proper a el lloc d&#8217;instal\u00b7laci\u00f3 de l&#8217;refugi; que es pot instal\u00b7lar a una al\u00e7ada adequada per evitar l&#8217;acc\u00e9s a depredadors i orientat cap al sud, sud-oest o oest, garantint la recepci\u00f3 de llum de el sol durant el dia.<\/p>\n\n\n\n<p>El nombre de refugis \u00e9s limitat, de manera que, un cop tancat el termini d&#8217;inscripci\u00f3, es convocar\u00e0 a les persones que compleixen els requisits, per ordre d&#8217;inscripci\u00f3, perqu\u00e8 participin en un taller informatiu que tindr\u00e0 lloc el 21 d&#8217;octubre a les 18 hores a la sala de plens de l&#8217;Ajuntament. A l&#8217;acabar el taller, es far\u00e0 entrega de les estructures.<\/p>\n\n\n\n<p>&#8220;Els refugis que anem a repartir estan constru\u00efts en fusta i imiten les esquerdes o buits naturals on normalment s&#8217;amaguen ratpenats i dracs, proporcionant recer i seguretat per criar&#8221;, explica el regidor de Medi Ambient, David Pujals. &#8220;Ja hem instal\u00b7lat aquest tipus d&#8217;estructures en alguns punts del municipi i ara obrim la possibilitat que els ve\u00efns i ve\u00efnes ofereixin les fa\u00e7anes o espais de la seva propietat per col\u00b7laborar en la conservaci\u00f3 d&#8217;aquests animals, ja que tenen un important paper en el control biol\u00f2gic de diferents poblacions d&#8217;insectes, com mosques, mosquits o arnes &#8220;.<\/p>\n","protected":false},"excerpt":{"rendered":"<div class=\"mh-excerpt\">La regidoria de Medi Ambient posa en marxa la campanya &#8220;Protegix als teus aliats nocturns&#8221;, i cedir\u00e0 refugis per a ratpenats i dragons, comunament conegudes com dracs, perqu\u00e8 s&#8217;instal\u00b7lin en habitatges de particulars. Les persones <a class=\"mh-excerpt-more\" href=\"https:\/\/www.tucomarca.com\/wordpress\/segunda\/ca\/xest-oferix-refugis-per-a-rates-penades-i-dragons-a-la-poblacio-amb-la-finalitat-de-protegir-a-estos-animals-nocturns\/\" title=\"Xest oferix refugis per a rates penades i dragons a la poblaci\u00f3 amb la finalitat de protegir a estos animals nocturns\">[+] <\/a><\/div>\n","protected":false},"author":12,"featured_media":115520,"comment_status":"open","ping_status":"open","sticky":false,"template":"","format":"standard","meta":{"footnotes":""},"categories":[10948,10894,10912,10903,10896,10974],"tags":[10470,5952],"class_list":{"0":"post-115521","1":"post","2":"type-post","3":"status-publish","4":"format-standard","5":"has-post-thumbnail","7":"category-infraestructuras-ca","8":"category-la-comarca-ca","9":"category-la-hoya-ca","10":"category-medio-ambiente-la-comarca-ca","11":"category-seccion-ca","12":"category-cheste-ca","13":"tag-ayuntamiento-de-cheste","14":"tag-la-hoya-de-bunol-chiva"},"_links":{"self":[{"href":"https:\/\/www.tucomarca.com\/wordpress\/segunda\/ca\/wp-json\/wp\/v2\/posts\/115521","targetHints":{"allow":["GET"]}}],"collection":[{"href":"https:\/\/www.tucomarca.com\/wordpress\/segunda\/ca\/wp-json\/wp\/v2\/posts"}],"about":[{"href":"https:\/\/www.tucomarca.com\/wordpress\/segunda\/ca\/wp-json\/wp\/v2\/types\/post"}],"author":[{"embeddable":true,"href":"https:\/\/www.tucomarca.com\/wordpress\/segunda\/ca\/wp-json\/wp\/v2\/users\/12"}],"replies":[{"embeddable":true,"href":"https:\/\/www.tucomarca.com\/wordpress\/segunda\/ca\/wp-json\/wp\/v2\/comments?post=115521"}],"version-history":[{"count":0,"href":"https:\/\/www.tucomarca.com\/wordpress\/segunda\/ca\/wp-json\/wp\/v2\/posts\/115521\/revisions"}],"wp:featuredmedia":[{"embeddable":true,"href":"https:\/\/www.tucomarca.com\/wordpress\/segunda\/ca\/wp-json\/wp\/v2\/media\/115520"}],"wp:attachment":[{"href":"https:\/\/www.tucomarca.com\/wordpress\/segunda\/ca\/wp-json\/wp\/v2\/media?parent=115521"}],"wp:term":[{"taxonomy":"category","embeddable":true,"href":"https:\/\/www.tucomarca.com\/wordpress\/segunda\/ca\/wp-json\/wp\/v2\/categories?post=115521"},{"taxonomy":"post_tag","embeddable":true,"href":"https:\/\/www.tucomarca.com\/wordpress\/segunda\/ca\/wp-json\/wp\/v2\/tags?post=115521"}],"curies":[{"name":"wp","href":"https:\/\/api.w.org\/{rel}","templated":true}]}}