{"id":115605,"date":"2020-10-09T07:00:24","date_gmt":"2020-10-09T05:00:24","guid":{"rendered":"http:\/\/www.tucomarca.com\/wordpress\/segunda\/?p=115605"},"modified":"2020-10-10T01:24:32","modified_gmt":"2020-10-09T23:24:32","slug":"tardor-cultural-arriba-a-bunyol-amb-diverses-exposicions-en-la-sala-de-loscurico","status":"publish","type":"post","link":"https:\/\/www.tucomarca.com\/wordpress\/segunda\/ca\/tardor-cultural-arriba-a-bunyol-amb-diverses-exposicions-en-la-sala-de-loscurico\/","title":{"rendered":"Tardor Cultural arriba a Bunyol amb diverses exposicions en la Sala de l&#8217;Oscurico"},"content":{"rendered":"\n<p>Este cap de setmana s&#8217;inaugura Tardor Cultural, una iniciativa conjunta de la regidoria de Cultura i Turisme, en la que es realitzaran diverses exposicions en la Sala de l&#8217;Oscurico del Castell de Bunyol, per a fomentar el turisme cultural en la localitat i que durar\u00e0 fins al mes de desembre.<\/p>\n\n\n\n<p>Amb esta iniciativa es pret\u00e9n generar un atractiu afegit per als visitants del nostre emblem\u00e0tic castell al mateix temps que fomentar les activitats culturals per a tots els habitants de Bunyol.<\/p>\n\n\n\n<p>Tardor cultural comen\u00e7a amb l&#8217;exposici\u00f3 de l&#8217;artista francesa Sandrine Fontanel, Simfonies Picturales que t\u00e9 la m\u00fasica com a font d&#8217;inspiraci\u00f3, una exposici\u00f3 on les notes es tradu\u00efxen en colors a ritme de pinzellades i el so es fa visible.<\/p>\n\n\n\n<p>Amb aforament limitat de 25 persones i complint totes les mitges de sanitat podreu disfrutar-la tot el mes d&#8217;octubre en l&#8217;horari de l&#8217;oficina turisme, de dimecres a diumenge de 10h a 14h.<\/p>\n","protected":false},"excerpt":{"rendered":"<div class=\"mh-excerpt\">Este cap de setmana s&#8217;inaugura Tardor Cultural, una iniciativa conjunta de la regidoria de Cultura i Turisme, en la que es realitzaran diverses exposicions en la Sala de l&#8217;Oscurico del Castell de Bunyol, per a <a class=\"mh-excerpt-more\" href=\"https:\/\/www.tucomarca.com\/wordpress\/segunda\/ca\/tardor-cultural-arriba-a-bunyol-amb-diverses-exposicions-en-la-sala-de-loscurico\/\" title=\"Tardor Cultural arriba a Bunyol amb diverses exposicions en la Sala de l&#8217;Oscurico\">[+] <\/a><\/div>\n","protected":false},"author":12,"featured_media":115603,"comment_status":"open","ping_status":"open","sticky":false,"template":"","format":"standard","meta":{"footnotes":""},"categories":[11019,10911,10894,10912,11063,10896],"tags":[5335,5952,12743],"class_list":{"0":"post-115605","1":"post","2":"type-post","3":"status-publish","4":"format-standard","5":"has-post-thumbnail","7":"category-agenda-ca","8":"category-bunol-ca","9":"category-la-comarca-ca","10":"category-la-hoya-ca","11":"category-pintura-ca","12":"category-seccion-ca","13":"tag-ayuntamiento-de-bunol","14":"tag-la-hoya-de-bunol-chiva","15":"tag-otono-cultural"},"_links":{"self":[{"href":"https:\/\/www.tucomarca.com\/wordpress\/segunda\/ca\/wp-json\/wp\/v2\/posts\/115605","targetHints":{"allow":["GET"]}}],"collection":[{"href":"https:\/\/www.tucomarca.com\/wordpress\/segunda\/ca\/wp-json\/wp\/v2\/posts"}],"about":[{"href":"https:\/\/www.tucomarca.com\/wordpress\/segunda\/ca\/wp-json\/wp\/v2\/types\/post"}],"author":[{"embeddable":true,"href":"https:\/\/www.tucomarca.com\/wordpress\/segunda\/ca\/wp-json\/wp\/v2\/users\/12"}],"replies":[{"embeddable":true,"href":"https:\/\/www.tucomarca.com\/wordpress\/segunda\/ca\/wp-json\/wp\/v2\/comments?post=115605"}],"version-history":[{"count":0,"href":"https:\/\/www.tucomarca.com\/wordpress\/segunda\/ca\/wp-json\/wp\/v2\/posts\/115605\/revisions"}],"wp:featuredmedia":[{"embeddable":true,"href":"https:\/\/www.tucomarca.com\/wordpress\/segunda\/ca\/wp-json\/wp\/v2\/media\/115603"}],"wp:attachment":[{"href":"https:\/\/www.tucomarca.com\/wordpress\/segunda\/ca\/wp-json\/wp\/v2\/media?parent=115605"}],"wp:term":[{"taxonomy":"category","embeddable":true,"href":"https:\/\/www.tucomarca.com\/wordpress\/segunda\/ca\/wp-json\/wp\/v2\/categories?post=115605"},{"taxonomy":"post_tag","embeddable":true,"href":"https:\/\/www.tucomarca.com\/wordpress\/segunda\/ca\/wp-json\/wp\/v2\/tags?post=115605"}],"curies":[{"name":"wp","href":"https:\/\/api.w.org\/{rel}","templated":true}]}}