{"id":115614,"date":"2020-10-09T18:55:10","date_gmt":"2020-10-09T16:55:10","guid":{"rendered":"http:\/\/www.tucomarca.com\/wordpress\/segunda\/?p=115614"},"modified":"2020-10-10T01:20:08","modified_gmt":"2020-10-09T23:20:08","slug":"video-leliana-no-ha-volgut-deixar-de-celebrar-el-9-doctubre-mes-atipic-de-la-historia","status":"publish","type":"post","link":"https:\/\/www.tucomarca.com\/wordpress\/segunda\/ca\/video-leliana-no-ha-volgut-deixar-de-celebrar-el-9-doctubre-mes-atipic-de-la-historia\/","title":{"rendered":"V\u00eddeo: l&#8217;Eliana no ha volgut deixar de celebrar el 9 d&#8217;Octubre m\u00e9s at\u00edpic de la hist\u00f2ria"},"content":{"rendered":"\n<figure class=\"wp-block-embed-youtube wp-block-embed is-type-video is-provider-youtube wp-embed-aspect-16-9 wp-has-aspect-ratio\"><div class=\"wp-block-embed__wrapper\">\n<iframe loading=\"lazy\" title=\"Celebraci\u00f3 9 d&#039;octubre 2020\" width=\"500\" height=\"281\" src=\"https:\/\/www.youtube.com\/embed\/aCGv8g_g9pM?feature=oembed\" frameborder=\"0\" allow=\"accelerometer; autoplay; clipboard-write; encrypted-media; gyroscope; picture-in-picture; web-share\" referrerpolicy=\"strict-origin-when-cross-origin\" allowfullscreen><\/iframe>\n<\/div><\/figure>\n","protected":false},"excerpt":{"rendered":"<div class=\"mh-excerpt\"><\/div>\n","protected":false},"author":1,"featured_media":115598,"comment_status":"open","ping_status":"open","sticky":false,"template":"","format":"video","meta":{"footnotes":""},"categories":[10892,12202,10948,10894,11004,10893,11007,11008,10947,10896,11062],"tags":[11227,12749,10899,11939,11940,11172],"class_list":{"0":"post-115614","1":"post","2":"type-post","3":"status-publish","4":"format-video","5":"has-post-thumbnail","7":"category-camp-de-turia-ca","8":"category-covid-19-ca","9":"category-infraestructuras-ca","10":"category-la-comarca-ca","11":"category-la-semana-en-imagenes-ca","12":"category-leliana-ca","13":"category-ocio-y-cultura-ca","14":"category-pueblos-en-fiestas-ca","15":"category-politica","16":"category-seccion-ca","17":"category-videos","18":"tag-9-doctubre-ca","19":"tag-9-doctubre-ca-2","20":"tag-camp-de-turia-ca","21":"tag-coronavirus-ca","22":"tag-covid-19-ca","23":"tag-leliana-ca-2","24":"post_format-post-format-video"},"_links":{"self":[{"href":"https:\/\/www.tucomarca.com\/wordpress\/segunda\/ca\/wp-json\/wp\/v2\/posts\/115614","targetHints":{"allow":["GET"]}}],"collection":[{"href":"https:\/\/www.tucomarca.com\/wordpress\/segunda\/ca\/wp-json\/wp\/v2\/posts"}],"about":[{"href":"https:\/\/www.tucomarca.com\/wordpress\/segunda\/ca\/wp-json\/wp\/v2\/types\/post"}],"author":[{"embeddable":true,"href":"https:\/\/www.tucomarca.com\/wordpress\/segunda\/ca\/wp-json\/wp\/v2\/users\/1"}],"replies":[{"embeddable":true,"href":"https:\/\/www.tucomarca.com\/wordpress\/segunda\/ca\/wp-json\/wp\/v2\/comments?post=115614"}],"version-history":[{"count":0,"href":"https:\/\/www.tucomarca.com\/wordpress\/segunda\/ca\/wp-json\/wp\/v2\/posts\/115614\/revisions"}],"wp:featuredmedia":[{"embeddable":true,"href":"https:\/\/www.tucomarca.com\/wordpress\/segunda\/ca\/wp-json\/wp\/v2\/media\/115598"}],"wp:attachment":[{"href":"https:\/\/www.tucomarca.com\/wordpress\/segunda\/ca\/wp-json\/wp\/v2\/media?parent=115614"}],"wp:term":[{"taxonomy":"category","embeddable":true,"href":"https:\/\/www.tucomarca.com\/wordpress\/segunda\/ca\/wp-json\/wp\/v2\/categories?post=115614"},{"taxonomy":"post_tag","embeddable":true,"href":"https:\/\/www.tucomarca.com\/wordpress\/segunda\/ca\/wp-json\/wp\/v2\/tags?post=115614"}],"curies":[{"name":"wp","href":"https:\/\/api.w.org\/{rel}","templated":true}]}}