{"id":115938,"date":"2020-10-15T08:03:04","date_gmt":"2020-10-15T06:03:04","guid":{"rendered":"http:\/\/www.tucomarca.com\/wordpress\/segunda\/?p=115938"},"modified":"2020-10-15T11:04:05","modified_gmt":"2020-10-15T09:04:05","slug":"diputacio-i-generalitat-collaboren-en-projectes-emprenedors-i-en-desenvolupament-rural","status":"publish","type":"post","link":"https:\/\/www.tucomarca.com\/wordpress\/segunda\/ca\/diputacio-i-generalitat-collaboren-en-projectes-emprenedors-i-en-desenvolupament-rural\/","title":{"rendered":"Diputaci\u00f3 i Generalitat col\u00b7laboren en projectes emprenedors i en desenvolupament rural"},"content":{"rendered":"\n<p>El diputat de Desenvolupament Rural i Pol\u00edtiques contra la Despoblaci\u00f3, Ramiro Rivera, s&#8217;ha reunit amb la directora general d&#8217;Emprenedoria i Cooperativisme de la Generalitat Valenciana, Teresa Garc\u00eda, amb l&#8217;objectiu de fomentar l\u00ednies de col\u00b7laboraci\u00f3 entre la Diputaci\u00f3 de Val\u00e8ncia i la Generalitat per a lluitar contra la despoblaci\u00f3 en el territori valenci\u00e0.<\/p>\n\n\n\n<p>En la reuni\u00f3, en la qual tamb\u00e9 han participat t\u00e8cnics de la Unitat de Cohesi\u00f3 Territorial i Projectes Europeus de la Diputaci\u00f3 de Val\u00e8ncia i del Servei de Desenvolupament Local de Divalterra, s&#8217;han abordat possibles l\u00ednies de col\u00b7laboraci\u00f3 entre totes dues institucions per a fomentar accions emprenedores en el territori de la prov\u00edncia de Val\u00e8ncia, amb el suport de la Xarxa d&#8217;Ag\u00e8ncies de Desenvolupament Local (ADL) que la Diputaci\u00f3 coordina a trav\u00e9s de la seua empresa p\u00fablica Divalterra.<\/p>\n\n\n\n<p>Tots dos responsables han destacat el paper primordial de les ADL en el desenvolupament socioecon\u00f2mic dels municipis rurals, aix\u00ed com la necessitat de coordinar accions t\u00e8cniques de suport que permeten a les ADL locals identificar projectes emprenedors en el seu territori que contribu\u00efsquen a la creaci\u00f3 de riquesa i ocupaci\u00f3 a trav\u00e9s de la triple visi\u00f3 de car\u00e0cter sostenible, social i innovador.<\/p>\n\n\n\n<p>Despr\u00e9s d&#8217;aqueixa labor de prospecci\u00f3 de projectes a nivell local, de la qual s&#8217;encarreguen els ADL, totes dues administracions han posat de manifest la seua voluntat de dotar al col\u00b7lectiu de t\u00e8cnics en desenvolupament local de mitjans de suport en la seua labor d&#8217;identificaci\u00f3 i acompanyament inicial dels projectes emprenedors, derivant cap a assessoraments especialitzats d&#8217;altres agents de l&#8217;ecosistema emprenedor de la Comunitat Valenciana aquelles q\u00fcestions o mat\u00e8ries que requerisquen d&#8217;un monitoratge avan\u00e7at.<\/p>\n\n\n\n<p><strong>Coordinaci\u00f3 de ADLs a trav\u00e9s de Divalterra<\/strong><\/p>\n\n\n\n<p>Fins a 163 entitats locals, entre ajuntaments i mancomunitats, estan adherides a la iniciativa de Divalterra Xarxa ADL, que coordina les Ag\u00e8ncies de Desenvolupament Local (ADL).<\/p>\n\n\n\n<p>Aix\u00ed, a trav\u00e9s del servei de Desenvolupament Local de l&#8217;empresa p\u00fablica, s&#8217;oferix als ADL una s\u00e8rie d&#8217;eines de gesti\u00f3 per a registrar i fer un seguiment dels assessoraments efectuats a empreses, emprenedors i associacions.<\/p>\n\n\n\n<p>Aix\u00ed mateix, tamb\u00e9 es poden confeccionar plans de viabilitat economicofinancera, gestionar ofertes i demandes d&#8217;ocupaci\u00f3 o accedir a dades estad\u00edstiques socioecon\u00f2miques a escala local, a trav\u00e9s del portal www.divaladl.es i la seua intranet de gesti\u00f3.<\/p>\n\n\n\n<p>D&#8217;esta manera, es fomenta el treball en xarxa de les Ag\u00e8ncies de Desenvolupament Local, mantenint-les informades mitjan\u00e7ant butlletins sobre ajudes, subvencions, jornades i estudis relacionats amb el desenvolupament local, aix\u00ed com a trav\u00e9s d&#8217;accions presencials de formaci\u00f3 espec\u00edfica.<br><\/p>\n","protected":false},"excerpt":{"rendered":"<div class=\"mh-excerpt\">El diputat de Desenvolupament Rural i Pol\u00edtiques contra la Despoblaci\u00f3, Ramiro Rivera, s&#8217;ha reunit amb la directora general d&#8217;Emprenedoria i Cooperativisme de la Generalitat Valenciana, Teresa Garc\u00eda, amb l&#8217;objectiu de fomentar l\u00ednies de col\u00b7laboraci\u00f3 entre <a class=\"mh-excerpt-more\" href=\"https:\/\/www.tucomarca.com\/wordpress\/segunda\/ca\/diputacio-i-generalitat-collaboren-en-projectes-emprenedors-i-en-desenvolupament-rural\/\" title=\"Diputaci\u00f3 i Generalitat col\u00b7laboren en projectes emprenedors i en desenvolupament rural\">[+] <\/a><\/div>\n","protected":false},"author":1,"featured_media":115936,"comment_status":"open","ping_status":"open","sticky":false,"template":"","format":"standard","meta":{"footnotes":""},"categories":[10890,10951,11046,10898,10948,10894,10904,10947,10909,10896,10897],"tags":[6181,12279,3677,11246],"class_list":{"0":"post-115938","1":"post","2":"type-post","3":"status-publish","4":"format-standard","5":"has-post-thumbnail","7":"category-ademus","8":"category-ayora-cofrentes-ca","9":"category-los-serranos-ca","10":"category-ventana-ca","11":"category-infraestructuras-ca","12":"category-la-comarca-ca","13":"category-sin-categorizar-ca","14":"category-politica","15":"category-requena-utiel-ca","16":"category-seccion-ca","17":"category-sucesos-la-comarca-ca","18":"tag-despoblacion","19":"tag-despoblacion-ca","20":"tag-diputacio-de-valencia","21":"tag-diputacio-de-valencia-ca"},"_links":{"self":[{"href":"https:\/\/www.tucomarca.com\/wordpress\/segunda\/ca\/wp-json\/wp\/v2\/posts\/115938","targetHints":{"allow":["GET"]}}],"collection":[{"href":"https:\/\/www.tucomarca.com\/wordpress\/segunda\/ca\/wp-json\/wp\/v2\/posts"}],"about":[{"href":"https:\/\/www.tucomarca.com\/wordpress\/segunda\/ca\/wp-json\/wp\/v2\/types\/post"}],"author":[{"embeddable":true,"href":"https:\/\/www.tucomarca.com\/wordpress\/segunda\/ca\/wp-json\/wp\/v2\/users\/1"}],"replies":[{"embeddable":true,"href":"https:\/\/www.tucomarca.com\/wordpress\/segunda\/ca\/wp-json\/wp\/v2\/comments?post=115938"}],"version-history":[{"count":0,"href":"https:\/\/www.tucomarca.com\/wordpress\/segunda\/ca\/wp-json\/wp\/v2\/posts\/115938\/revisions"}],"wp:featuredmedia":[{"embeddable":true,"href":"https:\/\/www.tucomarca.com\/wordpress\/segunda\/ca\/wp-json\/wp\/v2\/media\/115936"}],"wp:attachment":[{"href":"https:\/\/www.tucomarca.com\/wordpress\/segunda\/ca\/wp-json\/wp\/v2\/media?parent=115938"}],"wp:term":[{"taxonomy":"category","embeddable":true,"href":"https:\/\/www.tucomarca.com\/wordpress\/segunda\/ca\/wp-json\/wp\/v2\/categories?post=115938"},{"taxonomy":"post_tag","embeddable":true,"href":"https:\/\/www.tucomarca.com\/wordpress\/segunda\/ca\/wp-json\/wp\/v2\/tags?post=115938"}],"curies":[{"name":"wp","href":"https:\/\/api.w.org\/{rel}","templated":true}]}}