{"id":115944,"date":"2020-10-15T08:28:55","date_gmt":"2020-10-15T06:28:55","guid":{"rendered":"http:\/\/www.tucomarca.com\/wordpress\/segunda\/?p=115944"},"modified":"2020-10-15T11:33:06","modified_gmt":"2020-10-15T09:33:06","slug":"un-miler-de-persones-visita-lexposicio-de-la-diputacio-sobre-el-9-doctubre-el-primer-cap-de-setmana","status":"publish","type":"post","link":"https:\/\/www.tucomarca.com\/wordpress\/segunda\/ca\/un-miler-de-persones-visita-lexposicio-de-la-diputacio-sobre-el-9-doctubre-el-primer-cap-de-setmana\/","title":{"rendered":"Un miler de persones visita l&#8217;exposici\u00f3 de la Diputaci\u00f3 sobre el 9 d\u2019Octubre el primer cap de setmana"},"content":{"rendered":"\n<p>L&#8217;exposici\u00f3 \u2018La festa del 9 d\u2019Octubre\u2019 de la Diputaci\u00f3 de Val\u00e8ncia ha rebut la visita d&#8217;un miler de persones durant el cap de setmana d&#8217;obertura en el Sal\u00f3 de Respecte de la corporaci\u00f3 provincial. La mostra fotogr\u00e0fica, que inclou una reproducci\u00f3 del retaule del Centenar de la Ploma, obra mestra del g\u00f2tic valenci\u00e0, obrir\u00e0 els caps de setmana d&#8217;octubre i novembre de 10 a 14 i de 17 a 20 hores, amb acc\u00e9s gratu\u00eft.<\/p>\n\n\n\n<p>\u2018La festa del 9 d\u2019Octubre\u2019 va obrir les seues portes en el Palau dels Scala de pla\u00e7a Manises divendres passat, Dia de la Comunitat Valenciana, i fins al dilluns 12, Dia de la Hispanitat, prop de mil persones s&#8217;han interessat pel recorregut fotogr\u00e0fic per la hist\u00f2ria de la conquesta de Val\u00e8ncia i la seua celebraci\u00f3, amb imatges de Luis Vidal, Jos\u00e9 Aleixandre i Manuel Molines, entre altres.<\/p>\n\n\n\n<p>La Diputaci\u00f3 recull en imatges les diferents cares de la festa en d\u00e8cades de convulsi\u00f3 social. La Real Senyera conservada a la Casa de la Ciutat; la muixeranga a les portes de l&#8217;ajuntament en vespres de la Guerra Civil; el Bar\u00f3 de C\u00e0rcer portant l&#8217;espasa de Jaume I en els actes de 1939; falangistes encap\u00e7alant la process\u00f3 de 1945; les manifestacions pro Estatut de 1977; i la pres\u00e8ncia policial en els anys 80 despr\u00e9s de l&#8217;agressi\u00f3 a l&#8217;alcalde Ricard P\u00e9rez Casado en les celebracions del 79.<\/p>\n\n\n\n<p>Un trajecte replet d&#8217;emocions i records que inclou an\u00e8cdotes com la process\u00f3 c\u00edvica passada per aigua del 94 i el Senyera-m\u00f2bil amb caputx\u00f3 impermeable; i tamb\u00e9 els actes m\u00e9s recents, com el lliurament de les Altes Distincions de la Generalitat de 2018, amb la pres\u00e8ncia del president del Govern Pedro S\u00e1nchez. Un passeig per la festa del 9 d\u2019Octubre que desemboca en el Retaule del Centenar de la Ploma, la pe\u00e7a clau de l&#8217;exposici\u00f3.<\/p>\n\n\n\n<p><strong>L&#8217;obra mestra del g\u00f2tic valenci\u00e0<\/strong><\/p>\n\n\n\n<p>El Retaule del Centenar de la Ploma o de Sant Jordi \u00e9s l&#8217;obra mestra del g\u00f2tic internacional valenci\u00e0. Una composici\u00f3 pict\u00f2rica de 6,60 per 5,50 metres que en l&#8217;actualitat es conserva en el Victoria &amp; Albert Museum de Londres i la predel\u00b7la del qual (part inferior) es troba temporalment en el Museu de Belles arts de Val\u00e8ncia en proc\u00e9s d&#8217;investigaci\u00f3 i restauraci\u00f3.<\/p>\n\n\n\n<p>La Diputaci\u00f3 exhibix en la seua exposici\u00f3 sobre el 9 d\u2019Octubre una reproducci\u00f3 de 4,6 per 3,5 metres d&#8217;esta obra atribu\u00efda a Miquel Alcany\u00eds i Mar\u00e7al de Sax i probablement altres pintors establits a Val\u00e8ncia a inicis del segle XV, que en origen va ocupar les parets de la Capella del Centenar de la Ploma, segons uns autors, o l&#8217;Esgl\u00e9sia de Sant Jordi, segons uns altres, abans de ser venuda i abandonar la ciutat.<\/p>\n\n\n\n<p>Esta obra mestra del g\u00f2tic valenci\u00e0 representa al seu carrer central una de les escenes fonamentals de la Batalla del Puig, que va obrir les portes de la conquesta de Val\u00e8ncia. Sant Jordi es convertix en protagonista en la seua lluita contra el drac, met\u00e0fora de la permanent contesa entre el b\u00e9 i el mal. I en la part superior, la coronaci\u00f3 de la Mare de D\u00e9u per davall de Crist assegut en majestat.<\/p>\n\n\n\n<p>Els carrers laterals del retaule recullen diferents escenes de la llegenda del sant i el seu martiri, coronades pels evangelistes, mentre que en els entrecarrers hi ha espai per a profetes i ap\u00f2stols. Una pe\u00e7a clau, per la seua qualitat art\u00edstica i el seu simbolisme, en la hist\u00f2ria del poble valenci\u00e0.<\/p>\n\n\n\n<p>Els fragments fotogr\u00e0fics de huit segles d&#8217;hist\u00f2ria del poble valenci\u00e0 queden a la disposici\u00f3 de la ciutadania, amb entrada gratu\u00efta en la seu central de la Diputaci\u00f3 en pla\u00e7a Manises, a partir d&#8217;este cap de setmana en horari de 10 a 14 i de 17 a 20 hores.&nbsp; &nbsp;<br><\/p>\n","protected":false},"excerpt":{"rendered":"<div class=\"mh-excerpt\">L&#8217;exposici\u00f3 \u2018La festa del 9 d\u2019Octubre\u2019 de la Diputaci\u00f3 de Val\u00e8ncia ha rebut la visita d&#8217;un miler de persones durant el cap de setmana d&#8217;obertura en el Sal\u00f3 de Respecte de la corporaci\u00f3 provincial. La <a class=\"mh-excerpt-more\" href=\"https:\/\/www.tucomarca.com\/wordpress\/segunda\/ca\/un-miler-de-persones-visita-lexposicio-de-la-diputacio-sobre-el-9-doctubre-el-primer-cap-de-setmana\/\" title=\"Un miler de persones visita l&#8217;exposici\u00f3 de la Diputaci\u00f3 sobre el 9 d\u2019Octubre el primer cap de setmana\">[+] <\/a><\/div>\n","protected":false},"author":1,"featured_media":115942,"comment_status":"open","ping_status":"open","sticky":false,"template":"","format":"standard","meta":{"footnotes":""},"categories":[11019,10898,10894,10904,11007,10896],"tags":[11227,5944,451,11221,3677,11246,443,12792],"class_list":{"0":"post-115944","1":"post","2":"type-post","3":"status-publish","4":"format-standard","5":"has-post-thumbnail","7":"category-agenda-ca","8":"category-ventana-ca","9":"category-la-comarca-ca","10":"category-sin-categorizar-ca","11":"category-ocio-y-cultura-ca","12":"category-seccion-ca","13":"tag-9-doctubre-ca","14":"tag-9-doctubre","15":"tag-9-de-octubre","16":"tag-9-de-octubre-ca","17":"tag-diputacio-de-valencia","18":"tag-diputacio-de-valencia-ca","19":"tag-exposicion","20":"tag-exposicion-ca"},"_links":{"self":[{"href":"https:\/\/www.tucomarca.com\/wordpress\/segunda\/ca\/wp-json\/wp\/v2\/posts\/115944","targetHints":{"allow":["GET"]}}],"collection":[{"href":"https:\/\/www.tucomarca.com\/wordpress\/segunda\/ca\/wp-json\/wp\/v2\/posts"}],"about":[{"href":"https:\/\/www.tucomarca.com\/wordpress\/segunda\/ca\/wp-json\/wp\/v2\/types\/post"}],"author":[{"embeddable":true,"href":"https:\/\/www.tucomarca.com\/wordpress\/segunda\/ca\/wp-json\/wp\/v2\/users\/1"}],"replies":[{"embeddable":true,"href":"https:\/\/www.tucomarca.com\/wordpress\/segunda\/ca\/wp-json\/wp\/v2\/comments?post=115944"}],"version-history":[{"count":0,"href":"https:\/\/www.tucomarca.com\/wordpress\/segunda\/ca\/wp-json\/wp\/v2\/posts\/115944\/revisions"}],"wp:featuredmedia":[{"embeddable":true,"href":"https:\/\/www.tucomarca.com\/wordpress\/segunda\/ca\/wp-json\/wp\/v2\/media\/115942"}],"wp:attachment":[{"href":"https:\/\/www.tucomarca.com\/wordpress\/segunda\/ca\/wp-json\/wp\/v2\/media?parent=115944"}],"wp:term":[{"taxonomy":"category","embeddable":true,"href":"https:\/\/www.tucomarca.com\/wordpress\/segunda\/ca\/wp-json\/wp\/v2\/categories?post=115944"},{"taxonomy":"post_tag","embeddable":true,"href":"https:\/\/www.tucomarca.com\/wordpress\/segunda\/ca\/wp-json\/wp\/v2\/tags?post=115944"}],"curies":[{"name":"wp","href":"https:\/\/api.w.org\/{rel}","templated":true}]}}