{"id":116013,"date":"2020-10-15T17:20:31","date_gmt":"2020-10-15T15:20:31","guid":{"rendered":"http:\/\/www.tucomarca.com\/wordpress\/segunda\/?p=116013"},"modified":"2020-10-15T21:12:36","modified_gmt":"2020-10-15T19:12:36","slug":"la-universitat-de-valencia-i-lajuntament-de-bunyol-organitzen-un-any-mes-la-universitat-de-tardor-el-proxim-23-doctubre","status":"publish","type":"post","link":"https:\/\/www.tucomarca.com\/wordpress\/segunda\/ca\/la-universitat-de-valencia-i-lajuntament-de-bunyol-organitzen-un-any-mes-la-universitat-de-tardor-el-proxim-23-doctubre\/","title":{"rendered":"La Universitat de Val\u00e8ncia i l&#8217;Ajuntament de Bunyol organitzen un any m\u00e9s la Universitat de Tardor el pr\u00f2xim 23 d&#8217;octubre"},"content":{"rendered":"\n<h4 class=\"wp-block-heading\"><strong>La Universitat de Val\u00e8ncia, a trav\u00e9s del Vicerectorat de Projecci\u00f3 Territorial i Societat, i l&#8217;Ajuntament de Bunyol creguen una vegada m\u00e9s sinergies per a consolidar el projecte d&#8217;universitats estacionals i traure a la llum una nova edici\u00f3 de la Universitat de Tardor. Ser\u00e0 en el Conservatori Sant Rafael divendres que ve 23 d&#8217;octubre.<\/strong><\/h4>\n\n\n\n<p>Carles Xerri, regidor d&#8217;Educaci\u00f3 a l&#8217;Ajuntament de Bunyol, mostrava la seva satisfacci\u00f3 per aquesta nova edici\u00f3 de la Universitat de Tardor, que ja s&#8217;ha convertit en referent intel\u00b7lectual cada any al municipi: &#8220;no vol\u00edem deixar l&#8217;oportunitat aquest any d&#8217;organitzar aquest gran esdeveniment cultural i educatiu, per aix\u00f2, tot i que \u00e9s m\u00e9s curt en el temps, vam pensar que a m\u00e9s fos enriquidor per als alumnes de l&#8217;Conservatori de M\u00fasica Sant Rafael, on comptem amb centenars de futurs m\u00fasics i compositors en pot\u00e8ncia que procedeixen de la localitat i de tota la comarca i voltants &#8220;.<\/p>\n\n\n\n<p>En aquesta 4a edici\u00f3, la Universitat de Tardor rep el t\u00edtol: &#8220;Bunyol. El patrimoni cultural. La M\u00fasica com a vehicle d&#8217;expressi\u00f3 i d&#8217;emocions &#8220;. Ser\u00e0 punt de converg\u00e8ncia d&#8217;estudiants, professionals, docents, investigadors i ciutadans de la localitat i la seva comarca que s&#8217;uneixen per la m\u00fasica i el patrimoni cultural. Es pret\u00e9n generar debat al voltant de la m\u00fasica com a vehicle d&#8217;emoci\u00f3 i d&#8217;expressi\u00f3, gran atractiu per a tots els interessats en la cultura popular i musical.<\/p>\n\n\n\n<p>En una \u00fanica jornada de mat\u00ed amb seu al Conservatori Sant Rafael de Bunyol, es donaran cita investigadors i referents de el patrimoni cultural per a generar debat al voltant de la m\u00fasica. La Universitat de Val\u00e8ncia, fidel al seu comprom\u00eds amb el territori i la societat local valenciana, impulsa aquesta acci\u00f3 acad\u00e8mica i formativa, lligada a la investigaci\u00f3 i la transfer\u00e8ncia de coneixement, en un espai de refer\u00e8ncia en el patrimoni cultural valenci\u00e0, com \u00e9s la Foia de Bunyol-Xiva. \u00c9s una iniciativa gratu\u00efta i oberta a tot aquell que vulgui apropar-se a el patrimoni cultural i musical de la comarca.<\/p>\n\n\n\n<p>La inscripci\u00f3 \u00e9s gratu\u00efta i est\u00e0 oberta a tot tipus de p\u00fablic. La matr\u00edcula s&#8217;efectua a trav\u00e9s de la seg\u00fcent web: <em>http: \/\/projecci\u00f3.uv.es<\/em><\/p>\n\n\n\n<p>L&#8217;assist\u00e8ncia \u00e9s presencial (fins a omplir aforament) i online: <em>mediauniweb.uv.es\/universitatestacional<\/em><\/p>\n\n\n\n<p>En el mat\u00ed del pr\u00f2xim divendres 23 d&#8217;octubre tindran lloc tres confer\u00e8ncies i finalitzar\u00e0 l&#8217;acte amb un debat. En l&#8217;acte d&#8217;inauguraci\u00f3 assistiran Jonquera Carrascosa Alonso, alcaldessa de Bunyol; Jorge Hermosilla Pla, Vicerector de Projecci\u00f3 Territorial i Societat de la UV; Ana Mar\u00eda Botella Nicol\u00e1s, coordinadora de la Universitat Estacional de Bunyol; un representant de la Diputaci\u00f3 de Val\u00e8ncia i un altre de Caixa Popular.<\/p>\n\n\n\n<p>Despr\u00e9s d&#8217;aix\u00f2 arrencar\u00e0 les confer\u00e8ncies. Es parlar\u00e0 en primer lloc, a les 10.30h, de la cartografia sonora de Bunyol com a expressi\u00f3 cultural i emocional de l&#8217;paisatge, a c\u00e0rrec d&#8217;Amparo Hurtado Soler, de el Departament de Did\u00e0ctica de les Ci\u00e8ncies Experimentals i Socials de la UV. Despr\u00e9s, a les 11h, Jos\u00e9 Salvador Blasco Magraner de el Departament de Did\u00e0ctica de l&#8217;Expressi\u00f3 Musical, Pl\u00e0stica i Corporal de la UV parlar\u00e0 de la M\u00fasica i Emocions: aplicaci\u00f3 a l&#8217;aula. I finalment, a les 11.30h, Elisabeth Carrascosa Mart\u00ednez de CEIP 9 d&#8217;Octubre d&#8217;Alc\u00e0sser tractar\u00e0 l&#8217;educaci\u00f3 emocional a trav\u00e9s de l&#8217;educaci\u00f3 musical.<\/p>\n\n\n\n<p>A les 12h tindr\u00e0 lloc un debat moderat per Elvira Asensi Silvestre de el Departament de Did\u00e0ctica de les Ci\u00e8ncies Experimentals i Socials de la UV. L&#8217;acte es clausurar\u00e0 a les 13h.<\/p>\n","protected":false},"excerpt":{"rendered":"<div class=\"mh-excerpt\">La Universitat de Val\u00e8ncia, a trav\u00e9s del Vicerectorat de Projecci\u00f3 Territorial i Societat, i l&#8217;Ajuntament de Bunyol creguen una vegada m\u00e9s sinergies per a consolidar el projecte d&#8217;universitats estacionals i traure a la llum una <a class=\"mh-excerpt-more\" href=\"https:\/\/www.tucomarca.com\/wordpress\/segunda\/ca\/la-universitat-de-valencia-i-lajuntament-de-bunyol-organitzen-un-any-mes-la-universitat-de-tardor-el-proxim-23-doctubre\/\" title=\"La Universitat de Val\u00e8ncia i l&#8217;Ajuntament de Bunyol organitzen un any m\u00e9s la Universitat de Tardor el pr\u00f2xim 23 d&#8217;octubre\">[+] <\/a><\/div>\n","protected":false},"author":12,"featured_media":116011,"comment_status":"open","ping_status":"open","sticky":false,"template":"","format":"standard","meta":{"footnotes":""},"categories":[11019,10911,11005,10894,10912,11007,10896],"tags":[5335,5952,11283,10645],"class_list":{"0":"post-116013","1":"post","2":"type-post","3":"status-publish","4":"format-standard","5":"has-post-thumbnail","7":"category-agenda-ca","8":"category-bunol-ca","9":"category-canal-musica","10":"category-la-comarca-ca","11":"category-la-hoya-ca","12":"category-ocio-y-cultura-ca","13":"category-seccion-ca","14":"tag-ayuntamiento-de-bunol","15":"tag-la-hoya-de-bunol-chiva","16":"tag-universidad-de-otono","17":"tag-universitat-de-valencia"},"_links":{"self":[{"href":"https:\/\/www.tucomarca.com\/wordpress\/segunda\/ca\/wp-json\/wp\/v2\/posts\/116013","targetHints":{"allow":["GET"]}}],"collection":[{"href":"https:\/\/www.tucomarca.com\/wordpress\/segunda\/ca\/wp-json\/wp\/v2\/posts"}],"about":[{"href":"https:\/\/www.tucomarca.com\/wordpress\/segunda\/ca\/wp-json\/wp\/v2\/types\/post"}],"author":[{"embeddable":true,"href":"https:\/\/www.tucomarca.com\/wordpress\/segunda\/ca\/wp-json\/wp\/v2\/users\/12"}],"replies":[{"embeddable":true,"href":"https:\/\/www.tucomarca.com\/wordpress\/segunda\/ca\/wp-json\/wp\/v2\/comments?post=116013"}],"version-history":[{"count":0,"href":"https:\/\/www.tucomarca.com\/wordpress\/segunda\/ca\/wp-json\/wp\/v2\/posts\/116013\/revisions"}],"wp:featuredmedia":[{"embeddable":true,"href":"https:\/\/www.tucomarca.com\/wordpress\/segunda\/ca\/wp-json\/wp\/v2\/media\/116011"}],"wp:attachment":[{"href":"https:\/\/www.tucomarca.com\/wordpress\/segunda\/ca\/wp-json\/wp\/v2\/media?parent=116013"}],"wp:term":[{"taxonomy":"category","embeddable":true,"href":"https:\/\/www.tucomarca.com\/wordpress\/segunda\/ca\/wp-json\/wp\/v2\/categories?post=116013"},{"taxonomy":"post_tag","embeddable":true,"href":"https:\/\/www.tucomarca.com\/wordpress\/segunda\/ca\/wp-json\/wp\/v2\/tags?post=116013"}],"curies":[{"name":"wp","href":"https:\/\/api.w.org\/{rel}","templated":true}]}}