{"id":116050,"date":"2020-10-15T17:05:30","date_gmt":"2020-10-15T15:05:30","guid":{"rendered":"http:\/\/www.tucomarca.com\/wordpress\/segunda\/?p=116050"},"modified":"2020-10-15T21:09:38","modified_gmt":"2020-10-15T19:09:38","slug":"la-biblioteca-de-leliana-fa-una-crida-per-a-illustrar-el-calendari-municipal-2021","status":"publish","type":"post","link":"https:\/\/www.tucomarca.com\/wordpress\/segunda\/ca\/la-biblioteca-de-leliana-fa-una-crida-per-a-illustrar-el-calendari-municipal-2021\/","title":{"rendered":"La Biblioteca de L\u2019Eliana fa una crida per a il\u00b7lustrar el Calendari Municipal 2021"},"content":{"rendered":"\n<h4 class=\"wp-block-heading\"><strong>L&#8217;edifici ser\u00e0 el protagonista de l&#8217;almanac l&#8217;any que compleix mig segle d&#8217;hist\u00f2ria.<\/strong><\/h4>\n\n\n\n<p>L&#8217;any vinent 2021, l&#8217;edifici de la Biblioteca P\u00fablica Municipal complir\u00e0 50 anys i, per a celebrar-ho, les imatges de la seua evoluci\u00f3 seran les protagonistes del Calendari Municipal. L&#8217;antiga Casa de la Cultura, que acull actualment tamb\u00e9 les instal\u00b7lacions de R\u00e0dio T\u00faria i l\u2019Espai Jove, patir\u00e0 en 2021 la major transformaci\u00f3 de la seua hist\u00f2ria gr\u00e0cies al projecte aprovat per l&#8217;Ajuntament per a l&#8217;ampliaci\u00f3 i modernitzant de les seues instal\u00b7lacions.&nbsp;<\/p>\n\n\n\n<p>Les millores inclouran una bebeteca, unes renovades \u00e0rees d&#8217;infantil i juvenil i, a m\u00e9s, comptar\u00e0 amb diferents punts d&#8217;acc\u00e9s lliure a ordinadors. La Sala d&#8217;Estudi tindr\u00e0 un jard\u00ed superior i se situar\u00e0 en una nova planta independent amb l&#8217;objectiu de romandre oberta tot l&#8217;any. Es dotar\u00e0 d&#8217;un nou Espai Jove que reformar\u00e0 la sala d&#8217;actes i es crearan diferents espais per a la realitzaci\u00f3 de cursos i tallers, i que se sumaran a la sala de descans creada l&#8217;any passat.<\/p>\n\n\n\n<p>Amb tot, l&#8217;almanac 2021 buscar\u00e0 ser un reflex del que l&#8217;edifici ha sigut fins enguany i dels ve\u00efns i ve\u00efnes que han passat per ell al llarg d&#8217;aquest mig segle a trav\u00e9s de fotografies dels moments d&#8217;estudi, dels diferents tallers de dibuix, pintura, m\u00fasica o de les festes de fi de curs.<\/p>\n\n\n\n<p>Per a aix\u00f2, la ciutadania que vulga participar pot enviar les seues imatges antigues escanejades per correu electr\u00f2nic a <a href=\"mailto:biblioteca@leliana.es\">biblioteca@leliana.es<\/a> o portar-les presencialment per a realitzar una reproducci\u00f3 digitalitzada i posteriorment retornades. De totes les fotografies rebudes es realitzar\u00e0 una selecci\u00f3 per al calendari i amb la resta, es crear\u00e0 un \u00e0lbum commemoratiu que es publicar\u00e0 en la web municipal.<\/p>\n\n\n\n<p>El regidor de Biblioteca, Jorge P\u00e9rez Comeche, ha convidat a elianers i elianeres a buscar entre els seus records fotografies hist\u00f2riques que procuren un testimoniatge gr\u00e0fic pel calendari anual \u201c<em>d&#8217;un emblem\u00e0tic edifici que prompte lluir\u00e0 renovat<\/em>\u201d.<br><\/p>\n","protected":false},"excerpt":{"rendered":"<div class=\"mh-excerpt\">L&#8217;edifici ser\u00e0 el protagonista de l&#8217;almanac l&#8217;any que compleix mig segle d&#8217;hist\u00f2ria. L&#8217;any vinent 2021, l&#8217;edifici de la Biblioteca P\u00fablica Municipal complir\u00e0 50 anys i, per a celebrar-ho, les imatges de la seua evoluci\u00f3 seran <a class=\"mh-excerpt-more\" href=\"https:\/\/www.tucomarca.com\/wordpress\/segunda\/ca\/la-biblioteca-de-leliana-fa-una-crida-per-a-illustrar-el-calendari-municipal-2021\/\" title=\"La Biblioteca de L\u2019Eliana fa una crida per a il\u00b7lustrar el Calendari Municipal 2021\">[+] <\/a><\/div>\n","protected":false},"author":12,"featured_media":116049,"comment_status":"open","ping_status":"open","sticky":false,"template":"","format":"standard","meta":{"footnotes":""},"categories":[10892,10948,10894,10893,11007,11063,10896],"tags":[10535,10395],"class_list":{"0":"post-116050","1":"post","2":"type-post","3":"status-publish","4":"format-standard","5":"has-post-thumbnail","7":"category-camp-de-turia-ca","8":"category-infraestructuras-ca","9":"category-la-comarca-ca","10":"category-leliana-ca","11":"category-ocio-y-cultura-ca","12":"category-pintura-ca","13":"category-seccion-ca","14":"tag-ajuntament-de-leliana","15":"tag-camp-de-turia"},"_links":{"self":[{"href":"https:\/\/www.tucomarca.com\/wordpress\/segunda\/ca\/wp-json\/wp\/v2\/posts\/116050","targetHints":{"allow":["GET"]}}],"collection":[{"href":"https:\/\/www.tucomarca.com\/wordpress\/segunda\/ca\/wp-json\/wp\/v2\/posts"}],"about":[{"href":"https:\/\/www.tucomarca.com\/wordpress\/segunda\/ca\/wp-json\/wp\/v2\/types\/post"}],"author":[{"embeddable":true,"href":"https:\/\/www.tucomarca.com\/wordpress\/segunda\/ca\/wp-json\/wp\/v2\/users\/12"}],"replies":[{"embeddable":true,"href":"https:\/\/www.tucomarca.com\/wordpress\/segunda\/ca\/wp-json\/wp\/v2\/comments?post=116050"}],"version-history":[{"count":0,"href":"https:\/\/www.tucomarca.com\/wordpress\/segunda\/ca\/wp-json\/wp\/v2\/posts\/116050\/revisions"}],"wp:featuredmedia":[{"embeddable":true,"href":"https:\/\/www.tucomarca.com\/wordpress\/segunda\/ca\/wp-json\/wp\/v2\/media\/116049"}],"wp:attachment":[{"href":"https:\/\/www.tucomarca.com\/wordpress\/segunda\/ca\/wp-json\/wp\/v2\/media?parent=116050"}],"wp:term":[{"taxonomy":"category","embeddable":true,"href":"https:\/\/www.tucomarca.com\/wordpress\/segunda\/ca\/wp-json\/wp\/v2\/categories?post=116050"},{"taxonomy":"post_tag","embeddable":true,"href":"https:\/\/www.tucomarca.com\/wordpress\/segunda\/ca\/wp-json\/wp\/v2\/tags?post=116050"}],"curies":[{"name":"wp","href":"https:\/\/api.w.org\/{rel}","templated":true}]}}