{"id":116822,"date":"2020-10-22T22:00:35","date_gmt":"2020-10-22T20:00:35","guid":{"rendered":"http:\/\/www.tucomarca.com\/wordpress\/segunda\/?p=116822"},"modified":"2020-10-23T14:20:33","modified_gmt":"2020-10-23T12:20:33","slug":"lajuntament-dutiel-contracta-a-2-treballadores-a-traves-del-programa-emcorp","status":"publish","type":"post","link":"https:\/\/www.tucomarca.com\/wordpress\/segunda\/ca\/lajuntament-dutiel-contracta-a-2-treballadores-a-traves-del-programa-emcorp\/","title":{"rendered":"L&#8217;Ajuntament d&#8217;Utiel contracta a 2 treballadores a trav\u00e9s del programa EMCORP"},"content":{"rendered":"\n<h4 class=\"wp-block-heading\"><strong>Les benefici\u00e0ries exerciran les funcions de conserge i jardinera<\/strong><\/h4>\n\n\n\n<p>El programa EMCORP de el Servei Valenci\u00e0 d&#8217;Ocupaci\u00f3 i Formaci\u00f3 (LABORA) arrenca a l&#8217;Ajuntament d&#8217;Utiel amb una dotaci\u00f3 de 32.461,84 \u20ac<br>En concret, el consistori ha rebut aquesta subvenci\u00f3 de LABORA, a trav\u00e9s de la Conselleria d&#8217;Economia Sostenible, sectors productius, Comer\u00e7 i Treball, per a la contractaci\u00f3 de 2 persones desocupades de al menys 30 anys d&#8217;edat.<\/p>\n\n\n\n<p>En aquest cas, les benefici\u00e0ries de l&#8217;EMCORP 2020 desempa\u00f1ar\u00e1n les ocupacions de conserge i jardinera a jornada completa i el per\u00edode de contractaci\u00f3 d&#8217;aquest pla \u00e9s de 6 mesos.<\/p>\n\n\n\n<p>EMCORP \u00e9s un programa de subvencions d&#8217;iniciativa social destinat a la contractaci\u00f3 de persones desocupades de al menys 30 anys d&#8217;edat, en col\u00b7laboraci\u00f3 amb les corporacions locals.<\/p>\n\n\n\n<p>Aquest pla, juntament amb els programes Avalem Experi\u00e8ncia i Avalem Joves que inclouran pr\u00f2ximes contractacions al consistori utielano, es convoquen per a generar ocupaci\u00f3 d&#8217;inter\u00e8s general i social.<\/p>\n\n\n\n<p>&#8220;Aquest tipus de programes de foment de l&#8217;ocupaci\u00f3, iniciatives de car\u00e0cter formatiu i ajudes dirigides a aut\u00f2noms i empresaris de la localitat, formen part de les accions que l&#8217;Ajuntament d&#8217;Utiel est\u00e0 duent a terme per millorar les possibilitats d&#8217;ocupaci\u00f3 de persones aturades del municipi , especialment en aquests moments de crisi generada per la COVID 19 &#8220;apunta la regidora de serveis generals i recursos humans, Elo\u00edsa Viana.<\/p>\n","protected":false},"excerpt":{"rendered":"<div class=\"mh-excerpt\">Les benefici\u00e0ries exerciran les funcions de conserge i jardinera El programa EMCORP de el Servei Valenci\u00e0 d&#8217;Ocupaci\u00f3 i Formaci\u00f3 (LABORA) arrenca a l&#8217;Ajuntament d&#8217;Utiel amb una dotaci\u00f3 de 32.461,84 \u20acEn concret, el consistori ha rebut <a class=\"mh-excerpt-more\" href=\"https:\/\/www.tucomarca.com\/wordpress\/segunda\/ca\/lajuntament-dutiel-contracta-a-2-treballadores-a-traves-del-programa-emcorp\/\" title=\"L&#8217;Ajuntament d&#8217;Utiel contracta a 2 treballadores a trav\u00e9s del programa EMCORP\">[+] <\/a><\/div>\n","protected":false},"author":12,"featured_media":116819,"comment_status":"open","ping_status":"open","sticky":false,"template":"","format":"standard","meta":{"footnotes":""},"categories":[10948,10894,10947,10909,10896,11059],"tags":[10574,12539,11484,10387],"class_list":{"0":"post-116822","1":"post","2":"type-post","3":"status-publish","4":"format-standard","5":"has-post-thumbnail","7":"category-infraestructuras-ca","8":"category-la-comarca-ca","9":"category-politica","10":"category-requena-utiel-ca","11":"category-seccion-ca","12":"category-utiel-ca","13":"tag-ayuntamiento-de-utiel","14":"tag-emcorp-2020","15":"tag-labora","16":"tag-requena-utiel"},"_links":{"self":[{"href":"https:\/\/www.tucomarca.com\/wordpress\/segunda\/ca\/wp-json\/wp\/v2\/posts\/116822","targetHints":{"allow":["GET"]}}],"collection":[{"href":"https:\/\/www.tucomarca.com\/wordpress\/segunda\/ca\/wp-json\/wp\/v2\/posts"}],"about":[{"href":"https:\/\/www.tucomarca.com\/wordpress\/segunda\/ca\/wp-json\/wp\/v2\/types\/post"}],"author":[{"embeddable":true,"href":"https:\/\/www.tucomarca.com\/wordpress\/segunda\/ca\/wp-json\/wp\/v2\/users\/12"}],"replies":[{"embeddable":true,"href":"https:\/\/www.tucomarca.com\/wordpress\/segunda\/ca\/wp-json\/wp\/v2\/comments?post=116822"}],"version-history":[{"count":0,"href":"https:\/\/www.tucomarca.com\/wordpress\/segunda\/ca\/wp-json\/wp\/v2\/posts\/116822\/revisions"}],"wp:featuredmedia":[{"embeddable":true,"href":"https:\/\/www.tucomarca.com\/wordpress\/segunda\/ca\/wp-json\/wp\/v2\/media\/116819"}],"wp:attachment":[{"href":"https:\/\/www.tucomarca.com\/wordpress\/segunda\/ca\/wp-json\/wp\/v2\/media?parent=116822"}],"wp:term":[{"taxonomy":"category","embeddable":true,"href":"https:\/\/www.tucomarca.com\/wordpress\/segunda\/ca\/wp-json\/wp\/v2\/categories?post=116822"},{"taxonomy":"post_tag","embeddable":true,"href":"https:\/\/www.tucomarca.com\/wordpress\/segunda\/ca\/wp-json\/wp\/v2\/tags?post=116822"}],"curies":[{"name":"wp","href":"https:\/\/api.w.org\/{rel}","templated":true}]}}