{"id":116978,"date":"2020-10-24T10:15:53","date_gmt":"2020-10-24T08:15:53","guid":{"rendered":"http:\/\/www.tucomarca.com\/wordpress\/segunda\/?p=116978"},"modified":"2020-10-24T14:50:21","modified_gmt":"2020-10-24T12:50:21","slug":"lajuntament-de-bunyol-anuncia-lobertura-de-beques-de-material-escolar-del-curs-2019-20-per-a-educacio-infantil-de-0-a-6-anys","status":"publish","type":"post","link":"https:\/\/www.tucomarca.com\/wordpress\/segunda\/ca\/lajuntament-de-bunyol-anuncia-lobertura-de-beques-de-material-escolar-del-curs-2019-20-per-a-educacio-infantil-de-0-a-6-anys\/","title":{"rendered":"L&#8217;Ajuntament de Bunyol anuncia l&#8217;obertura de beques de material escolar del curs 2019-20 per a educaci\u00f3 infantil (de 0 a 6 anys)"},"content":{"rendered":"\n<h4 class=\"wp-block-heading\"><strong>Carles Xerri, regidor d&#8217;Educaci\u00f3 en l&#8217;Ajuntament de Bunyol, manifesta que si b\u00e9 esta convocat\u00f2ria \u00e9s la corresponent al curs 2019-2020, la voluntat \u00e9s la de resoldre esta convocat\u00f2ria abans de que finalitze l&#8217;any i a partir de gener de 2021 convocar les ajudes corresponents al curs escolar actual, \u00e9s a dir, les relatives al curs 2020-2021.<\/strong><\/h4>\n\n\n\n<p>La regidoria d&#8217;Educaci\u00f3 informa de l&#8217;obertura del ermini per a sol\u00b7licitar l&#8217;ajuda d&#8217;adquisici\u00f3 de llibres escolars i material escolar per al curs 2019-2020. Es convoquen ajudes per als cursos d&#8217;educaci\u00f3 infantil primer i segon cicle (de 0 a 6 anys). El dit termini estar\u00e0 obert fins al dia 5 de novembre des d&#8217;hui divendres 23 d&#8217;octubre.<\/p>\n\n\n\n<p>Carles Xerri, regidor d&#8217;Educaci\u00f3 de l&#8217;Ajuntament de Bunyol, incidix que seran subvencionables els llibres i el material escolar (llibretes, carpetes, etc.) corresponents als cursos d&#8217;educaci\u00f3 infantil primer i segon cicle (de 0 a 6 anys). &#8220;Tenen dret a obtenir les ajudes el pare, mare o tutor, en el ser cas, amb fills escolaritzats en els cursos d&#8217;educaci\u00f3 infantil primer cicle i segon cicle (de 0 a 6 anys)&#8221;, confirma el regidor bu\u00f1olense.<\/p>\n\n\n\n<p>Tant els menors com el pare, mare o tutor que sol\u00b7licite l&#8217;ajuda hauran d&#8217;estar empadronats en el municipi de Bunyol, a la data que es fixe en la corresponent convocat\u00f2ria. Aquesta data ser\u00e0 la de 31 de desembre de el 2019.<\/p>\n\n\n\n<p>La resta de determinacions com imports dels ajuts, requisits dels beneficiaris etc. seran les fixades per l&#8217;ordenan\u00e7a reguladora de les bases per a la concessi\u00f3 d&#8217;ajudes per a l&#8217;adquisici\u00f3 de llibres escolars i material escolar.<\/p>\n\n\n\n<p>Des de la regidoria l&#8217;edil manifesta que si b\u00e9 aquesta convocat\u00f2ria \u00e9s la corresponent a el curs 2019-2020, la voluntat \u00e9s la de resoldre aquesta convocat\u00f2ria abans que finalitze l&#8217;any i a partir de gener del 2021 convocar els ajuts corresponents a el curs escolar actual, \u00e9s a dir, les relatives a el curs 2020-2021.<\/p>\n","protected":false},"excerpt":{"rendered":"<div class=\"mh-excerpt\">Carles Xerri, regidor d&#8217;Educaci\u00f3 en l&#8217;Ajuntament de Bunyol, manifesta que si b\u00e9 esta convocat\u00f2ria \u00e9s la corresponent al curs 2019-2020, la voluntat \u00e9s la de resoldre esta convocat\u00f2ria abans de que finalitze l&#8217;any i a <a class=\"mh-excerpt-more\" href=\"https:\/\/www.tucomarca.com\/wordpress\/segunda\/ca\/lajuntament-de-bunyol-anuncia-lobertura-de-beques-de-material-escolar-del-curs-2019-20-per-a-educacio-infantil-de-0-a-6-anys\/\" title=\"L&#8217;Ajuntament de Bunyol anuncia l&#8217;obertura de beques de material escolar del curs 2019-20 per a educaci\u00f3 infantil (de 0 a 6 anys)\">[+] <\/a><\/div>\n","protected":false},"author":12,"featured_media":105460,"comment_status":"open","ping_status":"open","sticky":false,"template":"","format":"standard","meta":{"footnotes":""},"categories":[10911,10948,10894,10912,10947,10896],"tags":[5335,205,5952],"class_list":{"0":"post-116978","1":"post","2":"type-post","3":"status-publish","4":"format-standard","5":"has-post-thumbnail","7":"category-bunol-ca","8":"category-infraestructuras-ca","9":"category-la-comarca-ca","10":"category-la-hoya-ca","11":"category-politica","12":"category-seccion-ca","13":"tag-ayuntamiento-de-bunol","14":"tag-becas","15":"tag-la-hoya-de-bunol-chiva"},"_links":{"self":[{"href":"https:\/\/www.tucomarca.com\/wordpress\/segunda\/ca\/wp-json\/wp\/v2\/posts\/116978","targetHints":{"allow":["GET"]}}],"collection":[{"href":"https:\/\/www.tucomarca.com\/wordpress\/segunda\/ca\/wp-json\/wp\/v2\/posts"}],"about":[{"href":"https:\/\/www.tucomarca.com\/wordpress\/segunda\/ca\/wp-json\/wp\/v2\/types\/post"}],"author":[{"embeddable":true,"href":"https:\/\/www.tucomarca.com\/wordpress\/segunda\/ca\/wp-json\/wp\/v2\/users\/12"}],"replies":[{"embeddable":true,"href":"https:\/\/www.tucomarca.com\/wordpress\/segunda\/ca\/wp-json\/wp\/v2\/comments?post=116978"}],"version-history":[{"count":0,"href":"https:\/\/www.tucomarca.com\/wordpress\/segunda\/ca\/wp-json\/wp\/v2\/posts\/116978\/revisions"}],"wp:featuredmedia":[{"embeddable":true,"href":"https:\/\/www.tucomarca.com\/wordpress\/segunda\/ca\/wp-json\/wp\/v2\/media\/105460"}],"wp:attachment":[{"href":"https:\/\/www.tucomarca.com\/wordpress\/segunda\/ca\/wp-json\/wp\/v2\/media?parent=116978"}],"wp:term":[{"taxonomy":"category","embeddable":true,"href":"https:\/\/www.tucomarca.com\/wordpress\/segunda\/ca\/wp-json\/wp\/v2\/categories?post=116978"},{"taxonomy":"post_tag","embeddable":true,"href":"https:\/\/www.tucomarca.com\/wordpress\/segunda\/ca\/wp-json\/wp\/v2\/tags?post=116978"}],"curies":[{"name":"wp","href":"https:\/\/api.w.org\/{rel}","templated":true}]}}