{"id":117000,"date":"2020-10-24T12:00:10","date_gmt":"2020-10-24T10:00:10","guid":{"rendered":"http:\/\/www.tucomarca.com\/wordpress\/segunda\/?p=117000"},"modified":"2020-10-24T14:56:43","modified_gmt":"2020-10-24T12:56:43","slug":"el-consell-collabora-amb-lajuntament-de-lliria-en-la-promocio-i-impuls-turistic-del-municipi-a-traves-de-la-musica","status":"publish","type":"post","link":"https:\/\/www.tucomarca.com\/wordpress\/segunda\/ca\/el-consell-collabora-amb-lajuntament-de-lliria-en-la-promocio-i-impuls-turistic-del-municipi-a-traves-de-la-musica\/","title":{"rendered":"El Consell col\u00b7labora amb l&#8217;Ajuntament de Ll\u00edria en la promoci\u00f3 i impuls tur\u00edstic del municipi a trav\u00e9s de la m\u00fasica"},"content":{"rendered":"\n<p>El Consell ha autoritzat la subscripci\u00f3 d&#8217;el conveni de col\u00b7laboraci\u00f3 entre Turisme Comunitat Valenciana i l&#8217;Ajuntament de Ll\u00edria per donar suport a accions de promoci\u00f3 del producte tur\u00edstic del municipi a trav\u00e9s de la m\u00fasica.<\/p>\n\n\n\n<p>Mitjan\u00e7ant aquest acord, la Generalitat, mitjan\u00e7ant Turisme Comunitat Valenciana, contribuir\u00e0 econ\u00f2micament amb 60.000 euros perqu\u00e8 l&#8217;Ajuntament de Ll\u00edria dugui a terme actuacions de difusi\u00f3 del producte tur\u00edstic del municipi.<\/p>\n\n\n\n<p>Aix\u00ed, mitjan\u00e7ant el conveni, l&#8217;Ajuntament de Ll\u00edria desenvolupa l&#8217;acci\u00f3 &#8216;El Despertar de les Arts&#8217; de suport a la creaci\u00f3 i difusi\u00f3 de el patrimoni hist\u00f2ric i cultural davant la situaci\u00f3 de debilitat sorgida en aquests sectors amb la pand\u00e8mia de la Covid-19.<\/p>\n\n\n\n<p>Aix\u00ed mateix, s&#8217;han desenvolupat diversos esdeveniments com &#8216;El Desenjazz 2020. 5\u00e8 Festival de Jazz de Ll\u00edria&#8217;, el concert se celebra al voltant del &#8220;Dia Mundial de la M\u00fasica&#8221; com a motor per a la pau, la unitat, el di\u00e0leg i el refor\u00e7 en la cooperaci\u00f3 entre pobles. La programaci\u00f3 fomenta l&#8217;intercanvi i la trobada d&#8217;artistes en les diferents Ciutats Creatives de la UNESCO a tot el m\u00f3n, en aquesta ocasi\u00f3, amb Bogot\u00e0.<\/p>\n\n\n\n<p>A m\u00e9s, mitjan\u00e7ant aquest acord la Generalitat d\u00f3na suport a la iniciativa la &#8216;Reobertura de les Termes Romanes de Mura&#8217;, per difusi\u00f3 i posada en valor de l&#8217;jaciment arqueol\u00f2gic de el Santuari Oracular i les Termes romanes de Mura per a la seva obertura a el p\u00fablic; i en el &#8216;LLUM Festival&#8217;, festival de patrimoni hist\u00f2ric i m\u00fasica antiga de Ll\u00edria que es va celebrar de el 4 a el 9 d&#8217;agost a la localitat al barri medieval de la vila.<\/p>\n","protected":false},"excerpt":{"rendered":"<div class=\"mh-excerpt\">El Consell ha autoritzat la subscripci\u00f3 d&#8217;el conveni de col\u00b7laboraci\u00f3 entre Turisme Comunitat Valenciana i l&#8217;Ajuntament de Ll\u00edria per donar suport a accions de promoci\u00f3 del producte tur\u00edstic del municipi a trav\u00e9s de la m\u00fasica. <a class=\"mh-excerpt-more\" href=\"https:\/\/www.tucomarca.com\/wordpress\/segunda\/ca\/el-consell-collabora-amb-lajuntament-de-lliria-en-la-promocio-i-impuls-turistic-del-municipi-a-traves-de-la-musica\/\" title=\"El Consell col\u00b7labora amb l&#8217;Ajuntament de Ll\u00edria en la promoci\u00f3 i impuls tur\u00edstic del municipi a trav\u00e9s de la m\u00fasica\">[+] <\/a><\/div>\n","protected":false},"author":1,"featured_media":77318,"comment_status":"open","ping_status":"open","sticky":false,"template":"","format":"standard","meta":{"footnotes":""},"categories":[10892,11005,10948,10894,10904,10928,11007,10947,10896],"tags":[10395,10899,2163,12683,10396,11070],"class_list":{"0":"post-117000","1":"post","2":"type-post","3":"status-publish","4":"format-standard","5":"has-post-thumbnail","7":"category-camp-de-turia-ca","8":"category-canal-musica","9":"category-infraestructuras-ca","10":"category-la-comarca-ca","11":"category-sin-categorizar-ca","12":"category-lliria-ca","13":"category-ocio-y-cultura-ca","14":"category-politica","15":"category-seccion-ca","16":"tag-camp-de-turia","17":"tag-camp-de-turia-ca","18":"tag-consell","19":"tag-consell-ca","20":"tag-lliria","21":"tag-lliria-ca"},"_links":{"self":[{"href":"https:\/\/www.tucomarca.com\/wordpress\/segunda\/ca\/wp-json\/wp\/v2\/posts\/117000","targetHints":{"allow":["GET"]}}],"collection":[{"href":"https:\/\/www.tucomarca.com\/wordpress\/segunda\/ca\/wp-json\/wp\/v2\/posts"}],"about":[{"href":"https:\/\/www.tucomarca.com\/wordpress\/segunda\/ca\/wp-json\/wp\/v2\/types\/post"}],"author":[{"embeddable":true,"href":"https:\/\/www.tucomarca.com\/wordpress\/segunda\/ca\/wp-json\/wp\/v2\/users\/1"}],"replies":[{"embeddable":true,"href":"https:\/\/www.tucomarca.com\/wordpress\/segunda\/ca\/wp-json\/wp\/v2\/comments?post=117000"}],"version-history":[{"count":0,"href":"https:\/\/www.tucomarca.com\/wordpress\/segunda\/ca\/wp-json\/wp\/v2\/posts\/117000\/revisions"}],"wp:featuredmedia":[{"embeddable":true,"href":"https:\/\/www.tucomarca.com\/wordpress\/segunda\/ca\/wp-json\/wp\/v2\/media\/77318"}],"wp:attachment":[{"href":"https:\/\/www.tucomarca.com\/wordpress\/segunda\/ca\/wp-json\/wp\/v2\/media?parent=117000"}],"wp:term":[{"taxonomy":"category","embeddable":true,"href":"https:\/\/www.tucomarca.com\/wordpress\/segunda\/ca\/wp-json\/wp\/v2\/categories?post=117000"},{"taxonomy":"post_tag","embeddable":true,"href":"https:\/\/www.tucomarca.com\/wordpress\/segunda\/ca\/wp-json\/wp\/v2\/tags?post=117000"}],"curies":[{"name":"wp","href":"https:\/\/api.w.org\/{rel}","templated":true}]}}