{"id":117017,"date":"2020-10-22T19:00:50","date_gmt":"2020-10-22T17:00:50","guid":{"rendered":"http:\/\/www.tucomarca.com\/wordpress\/segunda\/?p=117017"},"modified":"2020-10-23T23:13:26","modified_gmt":"2020-10-23T21:13:26","slug":"la-diputacio-visibilitza-a-les-dones-treballadores-del-sector-de-les-cures","status":"publish","type":"post","link":"https:\/\/www.tucomarca.com\/wordpress\/segunda\/ca\/la-diputacio-visibilitza-a-les-dones-treballadores-del-sector-de-les-cures\/","title":{"rendered":"La Diputaci\u00f3 visibilitza a les dones treballadores del sector de les cures"},"content":{"rendered":"\n<p>La Diputaci\u00f3 de Val\u00e8ncia, a trav\u00e9s de l&#8217;\u00e0rea d&#8217;Igualtat dirigida per la diputada Eli Garc\u00eda, ha celebrat el primer F\u00f2rum Fem-Dipu d&#8217;Economia de les Cures, en el qual s&#8217;ha analitzat la situaci\u00f3 actual d&#8217;un sector en auge degut a l&#8217;envelliment de la poblaci\u00f3, fonamental per al benestar de la societat, per\u00f2 al seu torn poc valorat. Alcaldes, regidors i t\u00e8cnics dels ajuntaments de l\u2019Hoya de Bu\u00f1ol, La Serran\u00eda, El Rinc\u00f3n d\u2019Ademuz i Requena-Utiel han sigut els destinataris d&#8217;este primer seminari.<\/p>\n\n\n\n<p>Els experts que han intervingut al llarg de la jornada, que s&#8217;ha desenvolupat per videoconfer\u00e8ncia des del Sal\u00f3 de Plens de la Diputaci\u00f3, han realitzat un diagn\u00f2stic de l&#8217;estat en el qual es troba l&#8217;economia de les cures, per a acabar parlant de diferents propostes encaminades a oferir una soluci\u00f3 laboral a les treballadores d&#8217;este mercat, majorit\u00e0riament dones.<\/p>\n\n\n\n<p>El vicepresident Carlos Fern\u00e1ndez Bielsa ha obert el seminari destacant \u201cel paper clau que han de jugar les administracions locals per a liderar la resposta a eixes dones, la qual cosa sens dubte propiciar\u00e0 m\u00e9s igualtat, major protecci\u00f3 social i major benestar\u201d.<\/p>\n\n\n\n<p>Per part seua, la diputada d&#8217;Igualtat Eli Garc\u00eda s&#8217;ha referit al sector de les cures \u201ccom la gran activitat econ\u00f2mica oblidada, no reconeguda per la societat i, en la majoria dels casos, no remunerada, per la qual cosa resulta fonamental donar solucions\u201d.<\/p>\n\n\n\n<p>La primera de les ponents, la doctora en Ci\u00e8ncies Pol\u00edtiques de la Universitat Complutense de Madrid M\u00aa \u00c1ngeles Dur\u00e1n, ha alertat del desafiament al qual s&#8217;han d&#8217;enfrontar les Administracions P\u00fabliques per als pr\u00f2xims anys. \u201cLa immensa majoria del sector de les cures no est\u00e0 monetitzada. Per a traure-ho a la llum, l&#8217;Estat hauria d&#8217;escometre un enorme esfor\u00e7. Cal ser conscients de qu\u00e8 es tracta de tota una revoluci\u00f3 en la nostra economia\u201d.<\/p>\n\n\n\n<p>Una altra de les expertes destacades de la jornada ha sigut la catedr\u00e0tica d&#8217;An\u00e0lisi Econ\u00f2mic Mar\u00eda Luisa Molt\u00f3, per a la qual tota resposta passaria per \u201cgarantir la cura com un dret, considerar-lo un b\u00e9 p\u00fablic. Seria un error veure&#8217;l com una despesa inassumible i s&#8217;ha d&#8217;articular des del sector p\u00fablic, mitjan\u00e7ant ocupaci\u00f3 p\u00fablica\u201d.<\/p>\n\n\n\n<p>Una altra de les solucions que s&#8217;han debatut en el f\u00f2rum ha sigut la cerca de f\u00f3rmules d&#8217;associacionisme empresarial i cooperativisme, amb l&#8217;exemple d&#8217;\u00e8xit de la cooperativa Gestalmur.\u00a0<\/p>\n","protected":false},"excerpt":{"rendered":"<div class=\"mh-excerpt\">La Diputaci\u00f3 de Val\u00e8ncia, a trav\u00e9s de l&#8217;\u00e0rea d&#8217;Igualtat dirigida per la diputada Eli Garc\u00eda, ha celebrat el primer F\u00f2rum Fem-Dipu d&#8217;Economia de les Cures, en el qual s&#8217;ha analitzat la situaci\u00f3 actual d&#8217;un sector <a class=\"mh-excerpt-more\" href=\"https:\/\/www.tucomarca.com\/wordpress\/segunda\/ca\/la-diputacio-visibilitza-a-les-dones-treballadores-del-sector-de-les-cures\/\" title=\"La Diputaci\u00f3 visibilitza a les dones treballadores del sector de les cures\">[+] <\/a><\/div>\n","protected":false},"author":1,"featured_media":117015,"comment_status":"open","ping_status":"open","sticky":false,"template":"","format":"standard","meta":{"footnotes":""},"categories":[10890,11046,10898,10948,10894,10912,10947,10909,10896,10897],"tags":[10397,11097,4013,11401,5952,10914,3912,11928,10387,10910],"class_list":{"0":"post-117017","1":"post","2":"type-post","3":"status-publish","4":"format-standard","5":"has-post-thumbnail","7":"category-ademus","8":"category-los-serranos-ca","9":"category-ventana-ca","10":"category-infraestructuras-ca","11":"category-la-comarca-ca","12":"category-la-hoya-ca","13":"category-politica","14":"category-requena-utiel-ca","15":"category-seccion-ca","16":"category-sucesos-la-comarca-ca","17":"tag-ademuz","18":"tag-ademuz-ca","19":"tag-diputacion-de-valencia","20":"tag-diputacion-de-valencia-ca","21":"tag-la-hoya-de-bunol-chiva","22":"tag-la-hoya-de-bunol-chiva-ca","23":"tag-la-serrania","24":"tag-la-serrania-ca","25":"tag-requena-utiel","26":"tag-requena-utiel-ca"},"_links":{"self":[{"href":"https:\/\/www.tucomarca.com\/wordpress\/segunda\/ca\/wp-json\/wp\/v2\/posts\/117017","targetHints":{"allow":["GET"]}}],"collection":[{"href":"https:\/\/www.tucomarca.com\/wordpress\/segunda\/ca\/wp-json\/wp\/v2\/posts"}],"about":[{"href":"https:\/\/www.tucomarca.com\/wordpress\/segunda\/ca\/wp-json\/wp\/v2\/types\/post"}],"author":[{"embeddable":true,"href":"https:\/\/www.tucomarca.com\/wordpress\/segunda\/ca\/wp-json\/wp\/v2\/users\/1"}],"replies":[{"embeddable":true,"href":"https:\/\/www.tucomarca.com\/wordpress\/segunda\/ca\/wp-json\/wp\/v2\/comments?post=117017"}],"version-history":[{"count":0,"href":"https:\/\/www.tucomarca.com\/wordpress\/segunda\/ca\/wp-json\/wp\/v2\/posts\/117017\/revisions"}],"wp:featuredmedia":[{"embeddable":true,"href":"https:\/\/www.tucomarca.com\/wordpress\/segunda\/ca\/wp-json\/wp\/v2\/media\/117015"}],"wp:attachment":[{"href":"https:\/\/www.tucomarca.com\/wordpress\/segunda\/ca\/wp-json\/wp\/v2\/media?parent=117017"}],"wp:term":[{"taxonomy":"category","embeddable":true,"href":"https:\/\/www.tucomarca.com\/wordpress\/segunda\/ca\/wp-json\/wp\/v2\/categories?post=117017"},{"taxonomy":"post_tag","embeddable":true,"href":"https:\/\/www.tucomarca.com\/wordpress\/segunda\/ca\/wp-json\/wp\/v2\/tags?post=117017"}],"curies":[{"name":"wp","href":"https:\/\/api.w.org\/{rel}","templated":true}]}}