{"id":117028,"date":"2020-10-24T10:05:03","date_gmt":"2020-10-24T08:05:03","guid":{"rendered":"http:\/\/www.tucomarca.com\/wordpress\/segunda\/?p=117028"},"modified":"2020-10-24T14:44:54","modified_gmt":"2020-10-24T12:44:54","slug":"lalcalde-de-requena-prega-precaucio-davant-laugment-de-contagis-de-covid-19-al-municipi","status":"publish","type":"post","link":"https:\/\/www.tucomarca.com\/wordpress\/segunda\/ca\/lalcalde-de-requena-prega-precaucio-davant-laugment-de-contagis-de-covid-19-al-municipi\/","title":{"rendered":"L&#8217;alcalde de Requena prega precauci\u00f3 davant l&#8217;augment de contagis de Covid-19 al municipi"},"content":{"rendered":"\n<p>L&#8217;alcalde de Requena, Mario S\u00e1nchez, s&#8217;ha dirigit a la ciutadania del municipi a causa de l&#8217;augment de casos per Covid-19 a la localitat notificat per part de Salut P\u00fablica.<\/p>\n\n\n\n<p>&#8220;Segons dades oficials de l&#8217;organisme, hi ha hagut a Requena 113 casos en les \u00faltimes 2 setmanes, de manera que vam superar la incid\u00e8ncia acumulada de 500 casos per cada 100.000 habitants&#8221; destaca l&#8217;alcalde. Una circumst\u00e0ncia que podria portar a el confinament perimetral de la localitat, segons els barems de Govern de la naci\u00f3.<\/p>\n\n\n\n<p>Avui \u00e9s m\u00e9s important que mai &#8220;restringir a l&#8217;m\u00e0xim el contacte social i evitar qualsevol tipus de contacte amb persones no convivents sempre que no puguem mantenir la dist\u00e0ncia de seguretat&#8221; adverteix el primer edil requenense. &#8220;&#8221; Prego -afegeix- especial precauci\u00f3 un cop m\u00e9s en les reunions amb familiars i amics. La situaci\u00f3 \u00e9s molt seriosa i pot empitjorar de manera exponencial si no ens ho prenem seriosament. Si us plau, tinguem la m\u00e0xima precauci\u00f3. Est\u00e0 a les nostres mans &#8220;, ha finalitzat. Informa, <strong>Luis Ib\u00e1\u00f1ez<\/strong>.<\/p>\n","protected":false},"excerpt":{"rendered":"<div class=\"mh-excerpt\">L&#8217;alcalde de Requena, Mario S\u00e1nchez, s&#8217;ha dirigit a la ciutadania del municipi a causa de l&#8217;augment de casos per Covid-19 a la localitat notificat per part de Salut P\u00fablica. &#8220;Segons dades oficials de l&#8217;organisme, hi <a class=\"mh-excerpt-more\" href=\"https:\/\/www.tucomarca.com\/wordpress\/segunda\/ca\/lalcalde-de-requena-prega-precaucio-davant-laugment-de-contagis-de-covid-19-al-municipi\/\" title=\"L&#8217;alcalde de Requena prega precauci\u00f3 davant l&#8217;augment de contagis de Covid-19 al municipi\">[+] <\/a><\/div>\n","protected":false},"author":1,"featured_media":96302,"comment_status":"open","ping_status":"open","sticky":false,"template":"","format":"standard","meta":{"footnotes":""},"categories":[11010,12202,10948,10894,10903,10947,10908,10909,10896,10897],"tags":[11939,11940,11952,10910],"class_list":{"0":"post-117028","1":"post","2":"type-post","3":"status-publish","4":"format-standard","5":"has-post-thumbnail","7":"category-canal-salud","8":"category-covid-19-ca","9":"category-infraestructuras-ca","10":"category-la-comarca-ca","11":"category-medio-ambiente-la-comarca-ca","12":"category-politica","13":"category-requena-ca","14":"category-requena-utiel-ca","15":"category-seccion-ca","16":"category-sucesos-la-comarca-ca","17":"tag-coronavirus-ca","18":"tag-covid-19-ca","19":"tag-covid2019-ca","20":"tag-requena-utiel-ca"},"_links":{"self":[{"href":"https:\/\/www.tucomarca.com\/wordpress\/segunda\/ca\/wp-json\/wp\/v2\/posts\/117028","targetHints":{"allow":["GET"]}}],"collection":[{"href":"https:\/\/www.tucomarca.com\/wordpress\/segunda\/ca\/wp-json\/wp\/v2\/posts"}],"about":[{"href":"https:\/\/www.tucomarca.com\/wordpress\/segunda\/ca\/wp-json\/wp\/v2\/types\/post"}],"author":[{"embeddable":true,"href":"https:\/\/www.tucomarca.com\/wordpress\/segunda\/ca\/wp-json\/wp\/v2\/users\/1"}],"replies":[{"embeddable":true,"href":"https:\/\/www.tucomarca.com\/wordpress\/segunda\/ca\/wp-json\/wp\/v2\/comments?post=117028"}],"version-history":[{"count":0,"href":"https:\/\/www.tucomarca.com\/wordpress\/segunda\/ca\/wp-json\/wp\/v2\/posts\/117028\/revisions"}],"wp:featuredmedia":[{"embeddable":true,"href":"https:\/\/www.tucomarca.com\/wordpress\/segunda\/ca\/wp-json\/wp\/v2\/media\/96302"}],"wp:attachment":[{"href":"https:\/\/www.tucomarca.com\/wordpress\/segunda\/ca\/wp-json\/wp\/v2\/media?parent=117028"}],"wp:term":[{"taxonomy":"category","embeddable":true,"href":"https:\/\/www.tucomarca.com\/wordpress\/segunda\/ca\/wp-json\/wp\/v2\/categories?post=117028"},{"taxonomy":"post_tag","embeddable":true,"href":"https:\/\/www.tucomarca.com\/wordpress\/segunda\/ca\/wp-json\/wp\/v2\/tags?post=117028"}],"curies":[{"name":"wp","href":"https:\/\/api.w.org\/{rel}","templated":true}]}}