{"id":117047,"date":"2020-10-24T14:00:03","date_gmt":"2020-10-24T12:00:03","guid":{"rendered":"http:\/\/www.tucomarca.com\/wordpress\/segunda\/?p=117047"},"modified":"2020-10-24T15:05:15","modified_gmt":"2020-10-24T13:05:15","slug":"la-fsmcv-estrena-la-casa-de-musica-per-celebrar-l52-assemblea-general-de-lentitat","status":"publish","type":"post","link":"https:\/\/www.tucomarca.com\/wordpress\/segunda\/ca\/la-fsmcv-estrena-la-casa-de-musica-per-celebrar-l52-assemblea-general-de-lentitat\/","title":{"rendered":"La FSMCV estrena la Casa de M\u00fasica per celebrar l&#8217;52 Assemblea General de l&#8217;entitat"},"content":{"rendered":"\n<figure class=\"wp-block-image\"><img loading=\"lazy\" decoding=\"async\" width=\"1024\" height=\"683\" src=\"http:\/\/www.tucomarca.com\/wordpress\/segunda\/wp-content\/uploads\/2020\/10\/52AsambleaFSMCV2-1024x683.jpeg\" alt=\"\" class=\"wp-image-117042\" srcset=\"https:\/\/www.tucomarca.com\/wordpress\/segunda\/wp-content\/uploads\/2020\/10\/52AsambleaFSMCV2-1024x683.jpeg 1024w, https:\/\/www.tucomarca.com\/wordpress\/segunda\/wp-content\/uploads\/2020\/10\/52AsambleaFSMCV2-300x200.jpeg 300w, https:\/\/www.tucomarca.com\/wordpress\/segunda\/wp-content\/uploads\/2020\/10\/52AsambleaFSMCV2-768x512.jpeg 768w, https:\/\/www.tucomarca.com\/wordpress\/segunda\/wp-content\/uploads\/2020\/10\/52AsambleaFSMCV2.jpeg 2048w\" sizes=\"auto, (max-width: 1024px) 100vw, 1024px\" \/><\/figure>\n\n\n\n<p>La Federaci\u00f3 de Societats Musicals de la Comunitat Valenciana (FSMCV) ha celebrat avui, dissabte 24 d&#8217;octubre, a Val\u00e8ncia el seu 52\u00e8 Assemblea General Ordin\u00e0ria. L&#8217;acte, que s&#8217;ha realitzat per primera vegada en la seva hist\u00f2ria de forma online per garantir la salut de tots enmig de la pand\u00e8mia de l&#8217;coronavirus, ha comptat amb representants de les 557 Societats Musicals de la Comunitat Valenciana.<\/p>\n\n\n\n<p>A l&#8217;comen\u00e7ar l&#8217;Assemblea, el president de la Generalitat Valenciana, Ximo Puig, ha comparegut mitjan\u00e7ant un v\u00eddeo per dirigir-se als membres del col\u00b7lectiu de les societats musicals, &#8220;Ho vaig dir en el meu discurs d&#8217;el 9 d&#8217;Octubre: \u00e9s l&#8217;actitud demostrada per nombrosos m\u00fasics amateurs la qual ens far\u00e0 superar aquesta dif\u00edcil situaci\u00f3. &#8220;, ha comunicat Ximo Puig. &#8220;Volem estar al costat de les nostres societats musicals perqu\u00e8 formen part de la nostra identitat com a poble&#8221;, ha finalitzat el president.<\/p>\n\n\n\n<p>L&#8217;acte ha transcorregut en l&#8217;Alqueria Juli\u00e0, reconvertida a la Casa de la M\u00fasica gr\u00e0cies a el projecte Bankia Escolta Val\u00e8ncia, que ha estat inaugurada de forma oficial. El director corporatiu de la Territorial de Bankia a Val\u00e8ncia i Castell\u00f3, Jaime Casas, ha subratllat que &#8220;hem fet realitat un projecte que vam posar en marxa l&#8217;any 2016 com a mostra indubtable del nostre comprom\u00eds amb les societats musicals de la Comunitat Valenciana&#8221;. &#8220;Un moviment tan important com aquest necessitava una gran seu. La Alqueria Juli\u00e0-Casa de la M\u00fasica no \u00e9s un comprom\u00eds a\u00efllat. Mitjan\u00e7ant el projecte Bankia escorta Val\u00e8ncia treballem des de l&#8217;any 2014 colze amb colze amb la Federaci\u00f3 i tamb\u00e9 amb l&#8217;Institut Valenci\u00e0 de Cultura, donant suport a projectes que ajudin a difondre, preservar i fer cr\u00e9ixer tot aquest ric patrimoni &#8220;, ha posat en valor Casas.<\/p>\n\n\n\n<p>Despr\u00e9s de l&#8217;aixecament d&#8217;acta de l&#8217;acte assembleari per part de notari D. Alfonso Pascual, la presidenta Daniela Gonz\u00e1lez, ha estat l&#8217;encarregada de presidir l&#8217;acte des de La Casa de la M\u00fasica al costat de representants de l&#8217;equip de direcci\u00f3 de la Federaci\u00f3 per abordar els principals temes d&#8217;inter\u00e8s per al col\u00b7lectiu de les societats musicals de la Comunitat Valenciana.<\/p>\n\n\n\n<p>L&#8217;acte ha estat retransm\u00e8s en directe de manera online a totes les societats musicals que vertebren la Comunitat Valenciana, que han pogut participar mitjan\u00e7ant un innovador sistema de votaci\u00f3 telem\u00e0tic, aix\u00ed com en els espais de precs i preguntes. Aquesta ha estat la primera vegada que totes les societats musicals es reuneixen, sota el lema # M\u00e9sJuntsQueMai, des de la irrupci\u00f3 de la crisi derivada de l&#8217;aparici\u00f3 de l&#8217;Covid-19 que ha suposat un impacte econ\u00f2mic xifrat en 20 milions d&#8217;euros per la FSMCV.<\/p>\n\n\n\n<p>La presidenta de FSMCV, Daniela Gonz\u00e1lez ha agra\u00eft a totes les societats musicals l&#8217;esfor\u00e7 realitzat per adaptar-se a les noves tecnologies i participar en aquesta assemblea en l\u00ednia, i sobretot, l&#8217;esfor\u00e7 realitzat en aquests mesos: &#8220;En un any tan dur com el 2020 i malgrat tot el que est\u00e0 patint el nostre col\u00b7lectiu, segurament un dels m\u00e9s afectats en aquesta pand\u00e8mia, les societats musicals han estat capa\u00e7os de reinventar-se. I gr\u00e0cies a aix\u00f2, podem continuar, encara que de forma molt diferent, amb l&#8217;activitat cultural, musical i de formaci\u00f3 de les nostres entitats &#8220;, ha explicat Gonz\u00e1lez.<\/p>\n\n\n\n<p>&#8220;Tot i aquestes greus circumst\u00e0ncies -afegeix la presidenta-, hem aconseguit dos grans fites per al nostre col\u00b7lectiu com s\u00f3n la declaraci\u00f3 de Manifestaci\u00f3 representativa de l&#8217;Patrimoni Immaterial per part de Ministeri de Cultura, i la cessi\u00f3 de l&#8217;Alqueria Juli\u00e0 per part de Bankia , una reivindicaci\u00f3 hist\u00f2rica de la nostra entitat, que es convertir\u00e0 en la casa de totes les societats musicals &#8220;.<\/p>\n\n\n\n<p>Entre els principals temes trataods en aquesta 52.\u00ba Assemblea General, han destacat l&#8217;aprovaci\u00f3 dels comptes generals i el pressupost general per a l&#8217;exercici 2021, l&#8217;aprovaci\u00f3 d&#8217;l&#8217;informe de gesti\u00f3 de 2019, l&#8217;anunci de la seu assemble\u00e0ria de 2021 que recaur\u00e0 en Canet d&#8217;en Berenguer, aix\u00ed com la presentaci\u00f3 de la nova seu de la FSMCV a la Casa de la M\u00fasica.<\/p>\n\n\n\n<p><strong>Sobre la Federaci\u00f3 de Societats Musicals de la Comunitat Valenciana<\/strong><\/p>\n\n\n\n<p>La FSMCV est\u00e0 integrada actualment per 557 societats musicals, amb les seves respectives escoles de m\u00fasica, que apleguen 40.000 m\u00fasics i 60.000 alumnes que formen part d&#8217;aquest entorn associatiu i que disposen en les seves estructures de recursos humans, art\u00edstics i materials que la FSMCV pret\u00e9n potenciar i difondre, com a mostra de el ric patrimoni musical que atresora el nostre territori, derivat d&#8217;un moviment associatiu i cultural considerat \u00fanic al m\u00f3n.<\/p>\n","protected":false},"excerpt":{"rendered":"<div class=\"mh-excerpt\">La Federaci\u00f3 de Societats Musicals de la Comunitat Valenciana (FSMCV) ha celebrat avui, dissabte 24 d&#8217;octubre, a Val\u00e8ncia el seu 52\u00e8 Assemblea General Ordin\u00e0ria. L&#8217;acte, que s&#8217;ha realitzat per primera vegada en la seva hist\u00f2ria <a class=\"mh-excerpt-more\" href=\"https:\/\/www.tucomarca.com\/wordpress\/segunda\/ca\/la-fsmcv-estrena-la-casa-de-musica-per-celebrar-l52-assemblea-general-de-lentitat\/\" title=\"La FSMCV estrena la Casa de M\u00fasica per celebrar l&#8217;52 Assemblea General de l&#8217;entitat\">[+] <\/a><\/div>\n","protected":false},"author":1,"featured_media":117045,"comment_status":"open","ping_status":"open","sticky":false,"template":"","format":"standard","meta":{"footnotes":""},"categories":[11005,10898,10948,10894,10904,11007,10896],"tags":[2129,12889,220,11210,2384,12121],"class_list":{"0":"post-117047","1":"post","2":"type-post","3":"status-publish","4":"format-standard","5":"has-post-thumbnail","7":"category-canal-musica","8":"category-ventana-ca","9":"category-infraestructuras-ca","10":"category-la-comarca-ca","11":"category-sin-categorizar-ca","12":"category-ocio-y-cultura-ca","13":"category-seccion-ca","14":"tag-federacion","15":"tag-federacion-ca","16":"tag-fsmcv","17":"tag-fsmcv-ca","18":"tag-sociedades-musicales","19":"tag-sociedades-musicales-ca"},"_links":{"self":[{"href":"https:\/\/www.tucomarca.com\/wordpress\/segunda\/ca\/wp-json\/wp\/v2\/posts\/117047","targetHints":{"allow":["GET"]}}],"collection":[{"href":"https:\/\/www.tucomarca.com\/wordpress\/segunda\/ca\/wp-json\/wp\/v2\/posts"}],"about":[{"href":"https:\/\/www.tucomarca.com\/wordpress\/segunda\/ca\/wp-json\/wp\/v2\/types\/post"}],"author":[{"embeddable":true,"href":"https:\/\/www.tucomarca.com\/wordpress\/segunda\/ca\/wp-json\/wp\/v2\/users\/1"}],"replies":[{"embeddable":true,"href":"https:\/\/www.tucomarca.com\/wordpress\/segunda\/ca\/wp-json\/wp\/v2\/comments?post=117047"}],"version-history":[{"count":0,"href":"https:\/\/www.tucomarca.com\/wordpress\/segunda\/ca\/wp-json\/wp\/v2\/posts\/117047\/revisions"}],"wp:featuredmedia":[{"embeddable":true,"href":"https:\/\/www.tucomarca.com\/wordpress\/segunda\/ca\/wp-json\/wp\/v2\/media\/117045"}],"wp:attachment":[{"href":"https:\/\/www.tucomarca.com\/wordpress\/segunda\/ca\/wp-json\/wp\/v2\/media?parent=117047"}],"wp:term":[{"taxonomy":"category","embeddable":true,"href":"https:\/\/www.tucomarca.com\/wordpress\/segunda\/ca\/wp-json\/wp\/v2\/categories?post=117047"},{"taxonomy":"post_tag","embeddable":true,"href":"https:\/\/www.tucomarca.com\/wordpress\/segunda\/ca\/wp-json\/wp\/v2\/tags?post=117047"}],"curies":[{"name":"wp","href":"https:\/\/api.w.org\/{rel}","templated":true}]}}