{"id":117055,"date":"2020-10-24T14:30:45","date_gmt":"2020-10-24T12:30:45","guid":{"rendered":"http:\/\/www.tucomarca.com\/wordpress\/segunda\/?p=117055"},"modified":"2020-10-24T15:15:06","modified_gmt":"2020-10-24T13:15:06","slug":"la-comunitat-valenciana-en-toc-de-queda-des-daquesta-mateixa-nit","status":"publish","type":"post","link":"https:\/\/www.tucomarca.com\/wordpress\/segunda\/ca\/la-comunitat-valenciana-en-toc-de-queda-des-daquesta-mateixa-nit\/","title":{"rendered":"La Comunitat Valenciana, en toc de queda des d&#8217;aquesta mateixa nit"},"content":{"rendered":"\n<p>El president de la Generalitat, Ximo Puig, ha anunciat aquest mat\u00ed la instauraci\u00f3 d&#8217;un toc de queda a la Comunitat Valenciana ja a partir d&#8217;aquesta mateixa nit, el que suposa la prohibici\u00f3 es sortir al carrer a partir de les 24,00 hores i fins a les 6 del mat\u00ed de l&#8217;endem\u00e0. Tanmateix, aquest dissabte s&#8217;ha decidit retardar una hora la mesura per intentar minimitzar el dany possible a l&#8217;hostaleria a la nit de dissabte seguint la petici\u00f3 dels empresaris.<\/p>\n\n\n\n<p>El cap de el Consell ha anunciat en una declaraci\u00f3 institucional aquesta restricci\u00f3 de la mobilitat que s&#8217;inclou en una resoluci\u00f3 de la Conselleria de Sanitat que tamb\u00e9 restringeix les reunions socials i limita el nombre de persones que poden ajuntar-se a tan sols 6 persones.<\/p>\n\n\n\n<p>Tampoc es podr\u00e0 consumir a les barres dels bars. A m\u00e9s nom\u00e9s es podr\u00e0 vendre alcohol fins les deu del nit excepte en els bars. Es tanquen tamb\u00e9 els parcs p\u00fablics. Tot i que la Comunitat Valenciana \u00e9s de les autonomies que millors taxes de contagi registra, el Consell ha considerat que &#8220;no es pot esperar m\u00e9s i la resoluci\u00f3 es publica avui mateix, de manera que les restriccions entren en vigor aquesta mateixa nit&#8221;.<\/p>\n\n\n\n<p>A tot aix\u00f2 s&#8217;uneix que el Govern d&#8217;Espanya ha de declarar. molt probablement, aquest diumenge l&#8217;estat d&#8217;alarma a tot l&#8217;Estat despr\u00e9s de la petici\u00f3 de deu autonomies per tenir cobertura jur\u00eddica suficient amb la qual endurir les restriccions de mobilitat i poder fer front a l&#8217;increment de contagis de Covid-19.<\/p>\n","protected":false},"excerpt":{"rendered":"<div class=\"mh-excerpt\">El president de la Generalitat, Ximo Puig, ha anunciat aquest mat\u00ed la instauraci\u00f3 d&#8217;un toc de queda a la Comunitat Valenciana ja a partir d&#8217;aquesta mateixa nit, el que suposa la prohibici\u00f3 es sortir al <a class=\"mh-excerpt-more\" href=\"https:\/\/www.tucomarca.com\/wordpress\/segunda\/ca\/la-comunitat-valenciana-en-toc-de-queda-des-daquesta-mateixa-nit\/\" title=\"La Comunitat Valenciana, en toc de queda des d&#8217;aquesta mateixa nit\">[+] <\/a><\/div>\n","protected":false},"author":12,"featured_media":117053,"comment_status":"open","ping_status":"open","sticky":false,"template":"","format":"standard","meta":{"footnotes":""},"categories":[11010,12202,10898,10948,10894,10904,10903,10947,10896,10897],"tags":[11497,11939,11940,11952],"class_list":{"0":"post-117055","1":"post","2":"type-post","3":"status-publish","4":"format-standard","5":"has-post-thumbnail","7":"category-canal-salud","8":"category-covid-19-ca","9":"category-ventana-ca","10":"category-infraestructuras-ca","11":"category-la-comarca-ca","12":"category-sin-categorizar-ca","13":"category-medio-ambiente-la-comarca-ca","14":"category-politica","15":"category-seccion-ca","16":"category-sucesos-la-comarca-ca","17":"tag-comunitat-valenciana-ca","18":"tag-coronavirus-ca","19":"tag-covid-19-ca","20":"tag-covid2019-ca"},"_links":{"self":[{"href":"https:\/\/www.tucomarca.com\/wordpress\/segunda\/ca\/wp-json\/wp\/v2\/posts\/117055","targetHints":{"allow":["GET"]}}],"collection":[{"href":"https:\/\/www.tucomarca.com\/wordpress\/segunda\/ca\/wp-json\/wp\/v2\/posts"}],"about":[{"href":"https:\/\/www.tucomarca.com\/wordpress\/segunda\/ca\/wp-json\/wp\/v2\/types\/post"}],"author":[{"embeddable":true,"href":"https:\/\/www.tucomarca.com\/wordpress\/segunda\/ca\/wp-json\/wp\/v2\/users\/12"}],"replies":[{"embeddable":true,"href":"https:\/\/www.tucomarca.com\/wordpress\/segunda\/ca\/wp-json\/wp\/v2\/comments?post=117055"}],"version-history":[{"count":0,"href":"https:\/\/www.tucomarca.com\/wordpress\/segunda\/ca\/wp-json\/wp\/v2\/posts\/117055\/revisions"}],"wp:featuredmedia":[{"embeddable":true,"href":"https:\/\/www.tucomarca.com\/wordpress\/segunda\/ca\/wp-json\/wp\/v2\/media\/117053"}],"wp:attachment":[{"href":"https:\/\/www.tucomarca.com\/wordpress\/segunda\/ca\/wp-json\/wp\/v2\/media?parent=117055"}],"wp:term":[{"taxonomy":"category","embeddable":true,"href":"https:\/\/www.tucomarca.com\/wordpress\/segunda\/ca\/wp-json\/wp\/v2\/categories?post=117055"},{"taxonomy":"post_tag","embeddable":true,"href":"https:\/\/www.tucomarca.com\/wordpress\/segunda\/ca\/wp-json\/wp\/v2\/tags?post=117055"}],"curies":[{"name":"wp","href":"https:\/\/api.w.org\/{rel}","templated":true}]}}