{"id":117076,"date":"2020-10-25T10:00:28","date_gmt":"2020-10-25T08:00:28","guid":{"rendered":"http:\/\/www.tucomarca.com\/wordpress\/segunda\/?p=117076"},"modified":"2020-10-26T12:15:39","modified_gmt":"2020-10-26T10:15:39","slug":"iatova-aprova-el-primer-pla-estrategic-de-govern-obert","status":"publish","type":"post","link":"https:\/\/www.tucomarca.com\/wordpress\/segunda\/ca\/iatova-aprova-el-primer-pla-estrategic-de-govern-obert\/","title":{"rendered":"I\u00e0tova aprova el Primer Pla Estrat\u00e8gic de Govern Obert"},"content":{"rendered":"\n<p>L&#8217;Ajuntament de I\u00e0tova ha dut a terme l&#8217;aprovaci\u00f3 del Primer Pla Estrat\u00e8gic de Govern Obert.<\/p>\n\n\n\n<p>Tal com espec\u00edfica el projecte, la Comissi\u00f3 de Govern Obert est\u00e0 integrada per: persones representants d&#8217;associacions de la societat civil, personal al servici de l&#8217;ajuntament i per representants pol\u00edtics.<\/p>\n\n\n\n<p>L&#8217;equip de comissi\u00f3 ha llegit i aprovat totes les accions proposades en el Pla d&#8217;Acci\u00f3 de Govern Obert.<\/p>\n","protected":false},"excerpt":{"rendered":"<div class=\"mh-excerpt\">L&#8217;Ajuntament de I\u00e0tova ha dut a terme l&#8217;aprovaci\u00f3 del Primer Pla Estrat\u00e8gic de Govern Obert. Tal com espec\u00edfica el projecte, la Comissi\u00f3 de Govern Obert est\u00e0 integrada per: persones representants d&#8217;associacions de la societat civil, <a class=\"mh-excerpt-more\" href=\"https:\/\/www.tucomarca.com\/wordpress\/segunda\/ca\/iatova-aprova-el-primer-pla-estrategic-de-govern-obert\/\" title=\"I\u00e0tova aprova el Primer Pla Estrat\u00e8gic de Govern Obert\">[+] <\/a><\/div>\n","protected":false},"author":12,"featured_media":117074,"comment_status":"open","ping_status":"open","sticky":false,"template":"","format":"standard","meta":{"footnotes":""},"categories":[10980,10948,10894,10912,10947,10896],"tags":[9990,5952,10380],"class_list":{"0":"post-117076","1":"post","2":"type-post","3":"status-publish","4":"format-standard","5":"has-post-thumbnail","7":"category-yatova-ca","8":"category-infraestructuras-ca","9":"category-la-comarca-ca","10":"category-la-hoya-ca","11":"category-politica","12":"category-seccion-ca","13":"tag-gobierno-abierto","14":"tag-la-hoya-de-bunol-chiva","15":"tag-yatova"},"_links":{"self":[{"href":"https:\/\/www.tucomarca.com\/wordpress\/segunda\/ca\/wp-json\/wp\/v2\/posts\/117076","targetHints":{"allow":["GET"]}}],"collection":[{"href":"https:\/\/www.tucomarca.com\/wordpress\/segunda\/ca\/wp-json\/wp\/v2\/posts"}],"about":[{"href":"https:\/\/www.tucomarca.com\/wordpress\/segunda\/ca\/wp-json\/wp\/v2\/types\/post"}],"author":[{"embeddable":true,"href":"https:\/\/www.tucomarca.com\/wordpress\/segunda\/ca\/wp-json\/wp\/v2\/users\/12"}],"replies":[{"embeddable":true,"href":"https:\/\/www.tucomarca.com\/wordpress\/segunda\/ca\/wp-json\/wp\/v2\/comments?post=117076"}],"version-history":[{"count":0,"href":"https:\/\/www.tucomarca.com\/wordpress\/segunda\/ca\/wp-json\/wp\/v2\/posts\/117076\/revisions"}],"wp:featuredmedia":[{"embeddable":true,"href":"https:\/\/www.tucomarca.com\/wordpress\/segunda\/ca\/wp-json\/wp\/v2\/media\/117074"}],"wp:attachment":[{"href":"https:\/\/www.tucomarca.com\/wordpress\/segunda\/ca\/wp-json\/wp\/v2\/media?parent=117076"}],"wp:term":[{"taxonomy":"category","embeddable":true,"href":"https:\/\/www.tucomarca.com\/wordpress\/segunda\/ca\/wp-json\/wp\/v2\/categories?post=117076"},{"taxonomy":"post_tag","embeddable":true,"href":"https:\/\/www.tucomarca.com\/wordpress\/segunda\/ca\/wp-json\/wp\/v2\/tags?post=117076"}],"curies":[{"name":"wp","href":"https:\/\/api.w.org\/{rel}","templated":true}]}}