{"id":117130,"date":"2020-10-26T19:30:37","date_gmt":"2020-10-26T18:30:37","guid":{"rendered":"http:\/\/www.tucomarca.com\/wordpress\/segunda\/?p=117130"},"modified":"2020-10-26T20:05:04","modified_gmt":"2020-10-26T19:05:04","slug":"riba-roja-concedira-800-euros-als-nous-autonoms-i-empresaris-per-a-millorar-la-formacio-i-lassessorament","status":"publish","type":"post","link":"https:\/\/www.tucomarca.com\/wordpress\/segunda\/ca\/riba-roja-concedira-800-euros-als-nous-autonoms-i-empresaris-per-a-millorar-la-formacio-i-lassessorament\/","title":{"rendered":"Riba-roja concedir\u00e0 800 euros als nous aut\u00f2noms i empresaris per a millorar la formaci\u00f3 i l&#8217;assessorament"},"content":{"rendered":"\n<p><strong>El ple aposta per fomentar l&#8217;associacionisme empresarial<\/strong><\/p>\n\n\n\n<p>El ple de l&#8217;Ajuntament de Riba-roja de T\u00faria ha aprovat una ajuda de 800 euros als nous aut\u00f2noms i empresaris de la localitat per millorar la formaci\u00f3 i l&#8217;assessorament, aix\u00ed com el foment de l&#8217;associacionisme empresarial. La proposta est\u00e0 continguda en una moci\u00f3 de Ciutadans que ha estat aprovada pel PSPV, el Partit Popular i Vox mentre que Comprom\u00eds i l&#8217;Esquerra s&#8217;han abstingut i, finalment, Podem Riba-roja Pot ha votat en contra.<\/p>\n\n\n\n<p>La moci\u00f3 ratificada pel ple de Riba-roja de T\u00faria preveu que aquests 800 euros per beneficiari es podran destinar per sufragar les despeses de formaci\u00f3 per augmentar el coneixement de l&#8217;emprenedor tant del seu sector com de l&#8217;mercat i l&#8217;\u00fas de les noves tecnologies. Un altre de les destinacions d&#8217;aquests ajuts municipals servir\u00e0 per sufragar les quotes de les diferents associacions empresarials de les que puga formar part l&#8217;emprenedor beneficiari.<\/p>\n\n\n\n<p>Finalment, tamb\u00e9 es podran destinar els 800 euros per compensar l&#8217;emprenedor de les despeses en que inc\u00f3rrega per la preparaci\u00f3 i elaboraci\u00f3 d&#8217;un pla de viabilitat de futur negoci realitzat per professionals. En aquesta partida tamb\u00e9 s&#8217;inclouran aquelles despeses derivades dels serveis professionals independents que realitzen el seguiment i l&#8217;assessorament fiscal i tributari de l&#8217;activitat.<\/p>\n\n\n\n<p>La moci\u00f3 obligar\u00e0 que en aquest \u00faltim cas els beneficiaris de la subvenci\u00f3 recorren a gestories i assessories de Riba-roja de T\u00faria per dur a terme els treballs d&#8217;assessorament fiscal i tributari de l&#8217;activitat ressenyada. En tots aquests casos, els ajuts que concedir\u00e0 l&#8217;ajuntament haur\u00e0 de ser convenientment justificada sobre les despeses que s&#8217;han portat, finalment, a terme. L&#8217;ajuda ser\u00e0 d&#8217;un sol pagament de 800 euros que es destinen per als casos que preveu la proposta.<\/p>\n\n\n\n<p>La moci\u00f3 justifica el contingut de la mateixa a l&#8217;recordar que actualment el 99&#8217;88% de les empreses espanyoles s\u00f3n pimes -segons el Ministeri d&#8217;Ind\u00fastria, Comer\u00e7 i Turisme, de les quals el 95&#8217;4% de les empreses tenen menys de 9 empleats mentre que un 55&#8217;3% dels aut\u00f2noms no tenen empleats, per aquest motiu aquest segment de l&#8217;economia suposa un conjunt notable sobre el total.<\/p>\n\n\n\n<p>A m\u00e9s, es recorda que, segons dades de l&#8217;Eurostat, el 47% dels emprenedors aut\u00f2noms sense empleats que posen un projecte en marxa &#8220;fracassa als tres anys, un percentatge que ascendeix a l&#8217;62% als cinc anys&#8221;. Per tant, i segons la proposta aprovada pel ple de Riba-roja de T\u00faria &#8220;els factors d&#8217;\u00edndole econ\u00f2mica i financera condicionen la superviv\u00e8ncia empresarial&#8221;.<\/p>\n\n\n\n<p>La moci\u00f3 indaga en els factors que porten a l&#8217;frac\u00e0s de les empreses com la falta d&#8217;un pla de viabilitat del negoci, la manca d&#8217;un pla de viabilitat del negoci, la manca d&#8217;experi\u00e8ncia en el sector, no estar ben assessorat, la manca de formaci\u00f3 i fins i tot, segons els estudis, estar massa sol en el desenvolupament i execuci\u00f3 dels treballs o tasques encomanades. &#8220;La promoci\u00f3 empresarial \u00e9s un eix fonamental en el qual l&#8217;ajuntament ha i pot contribuir a la creaci\u00f3, consolidaci\u00f3 i millora dels emprenedors i un suport a el desenvolupament professional i una aposta clara i decidida per les mesures concretes, reals i possibles&#8221;, es afirma en la moci\u00f3.<\/p>\n\n\n\n<p>El govern de Riba-roja de T\u00faria t\u00e9 actualment tres l\u00ednies d&#8217;ajuts per als aut\u00f2noms i emprenedors de la localitat afectats per la Covid-19. El programa Ribactiva Impulsa&#8217;t enfocat a aquelles activitats tancades per llei amb una ajuda de 2.000 euros. El programa Ribactiva Consolida&#8217;t per a aquells que van veure minorats els seus ingressos en un 50%, per als quals es preveuen ajudes d&#8217;entre 500 i 800 euros.<\/p>\n\n\n\n<p>Finalment, el programa Ribactiva Empr\u00e9n se centrar\u00e0 en els aut\u00f2noms i professionals de el comer\u00e7 minorista que hagen iniciat la seua activitat des de l&#8217;1 de gener i a el 31 d&#8217;octubre d&#8217;aquest any 2020 amb ajudes directes de 1.000 euros.<\/p>\n\n\n\n<p>El portaveu de Ciutadans de Riba-roja de T\u00faria, Salvador Ferrer, considera necessari &#8220;donar suport des de l&#8217;Ajuntament en l&#8217;assessorament, la formaci\u00f3 i l&#8217;associacionisme, a tots aquells emprenedors que inicien una nova idea de negoci. Es tracta d&#8217;un incentiu per salvar les dificultats dels dos primers anys i aconseguir aix\u00ed un creixement del n\u00famero d&#8217;emprenedors com a generador de riquesa local&#8221;.<\/p>\n","protected":false},"excerpt":{"rendered":"<div class=\"mh-excerpt\">El ple aposta per fomentar l&#8217;associacionisme empresarial El ple de l&#8217;Ajuntament de Riba-roja de T\u00faria ha aprovat una ajuda de 800 euros als nous aut\u00f2noms i empresaris de la localitat per millorar la formaci\u00f3 i <a class=\"mh-excerpt-more\" href=\"https:\/\/www.tucomarca.com\/wordpress\/segunda\/ca\/riba-roja-concedira-800-euros-als-nous-autonoms-i-empresaris-per-a-millorar-la-formacio-i-lassessorament\/\" title=\"Riba-roja concedir\u00e0 800 euros als nous aut\u00f2noms i empresaris per a millorar la formaci\u00f3 i l&#8217;assessorament\">[+] <\/a><\/div>\n","protected":false},"author":12,"featured_media":117129,"comment_status":"open","ping_status":"open","sticky":false,"template":"","format":"standard","meta":{"footnotes":""},"categories":[10892,10948,10894,10947,10906,10896],"tags":[10395,1504],"class_list":{"0":"post-117130","1":"post","2":"type-post","3":"status-publish","4":"format-standard","5":"has-post-thumbnail","7":"category-camp-de-turia-ca","8":"category-infraestructuras-ca","9":"category-la-comarca-ca","10":"category-politica","11":"category-riba-roja-ca","12":"category-seccion-ca","13":"tag-camp-de-turia","14":"tag-riba-roja-2"},"_links":{"self":[{"href":"https:\/\/www.tucomarca.com\/wordpress\/segunda\/ca\/wp-json\/wp\/v2\/posts\/117130","targetHints":{"allow":["GET"]}}],"collection":[{"href":"https:\/\/www.tucomarca.com\/wordpress\/segunda\/ca\/wp-json\/wp\/v2\/posts"}],"about":[{"href":"https:\/\/www.tucomarca.com\/wordpress\/segunda\/ca\/wp-json\/wp\/v2\/types\/post"}],"author":[{"embeddable":true,"href":"https:\/\/www.tucomarca.com\/wordpress\/segunda\/ca\/wp-json\/wp\/v2\/users\/12"}],"replies":[{"embeddable":true,"href":"https:\/\/www.tucomarca.com\/wordpress\/segunda\/ca\/wp-json\/wp\/v2\/comments?post=117130"}],"version-history":[{"count":0,"href":"https:\/\/www.tucomarca.com\/wordpress\/segunda\/ca\/wp-json\/wp\/v2\/posts\/117130\/revisions"}],"wp:featuredmedia":[{"embeddable":true,"href":"https:\/\/www.tucomarca.com\/wordpress\/segunda\/ca\/wp-json\/wp\/v2\/media\/117129"}],"wp:attachment":[{"href":"https:\/\/www.tucomarca.com\/wordpress\/segunda\/ca\/wp-json\/wp\/v2\/media?parent=117130"}],"wp:term":[{"taxonomy":"category","embeddable":true,"href":"https:\/\/www.tucomarca.com\/wordpress\/segunda\/ca\/wp-json\/wp\/v2\/categories?post=117130"},{"taxonomy":"post_tag","embeddable":true,"href":"https:\/\/www.tucomarca.com\/wordpress\/segunda\/ca\/wp-json\/wp\/v2\/tags?post=117130"}],"curies":[{"name":"wp","href":"https:\/\/api.w.org\/{rel}","templated":true}]}}