{"id":117151,"date":"2020-10-26T07:55:42","date_gmt":"2020-10-26T06:55:42","guid":{"rendered":"http:\/\/www.tucomarca.com\/wordpress\/segunda\/?p=117151"},"modified":"2020-10-26T21:16:29","modified_gmt":"2020-10-26T20:16:29","slug":"la-sm-lartistica-de-bunyol-organitza-un-nou-curs-de-promocio-juan-carlos-manez","status":"publish","type":"post","link":"https:\/\/www.tucomarca.com\/wordpress\/segunda\/ca\/la-sm-lartistica-de-bunyol-organitza-un-nou-curs-de-promocio-juan-carlos-manez\/","title":{"rendered":"La SM \u00abL&#8217;Art\u00edstica\u00bb de Bunyol organitza un nou Curs de Promoci\u00f3 &#8220;Juan Carlos M\u00e1\u00f1ez&#8221;"},"content":{"rendered":"\n<p>Com a comprom\u00eds de la Societat Musical &#8220;La Art\u00edstica&#8221; amb l&#8217;excel\u00b7l\u00e8ncia i la formaci\u00f3 dels seus educands, els pr\u00f2xims 28, 29 i 30 d&#8217;octubre tindr\u00e0 lloc en el Teatre Montecarlo el primer Curs de Promoci\u00f3 &#8220;Juan Carlos M\u00e1\u00f1ez&#8221; de la temporada, dedicat a la trompa i amb Iv\u00e1n Carrascosa G\u00f3mez com a professor.<\/p>\n\n\n\n<p>Nascut a Bilbao, Iv\u00e1n Carrascosa G\u00f3mez comen\u00e7a l&#8217;estudi de trompa amb el seu tio Juan Manuel G\u00f3mez, cursant els seus estudis superiors en l&#8217;Escola Superior de M\u00fasica de Catalunya. Ha col\u00b7laborat amb orquestres de la talla de l&#8217;Orquestra Simf\u00f2nica de Bilbao, l&#8217;Orquestra Simf\u00f2nica de RTVE, l&#8217;Orquestra Filharm\u00f2nica de Sant Petersburg o l&#8217;Orquestra Simf\u00f2nica de Madrid, entre altres. Actualment, \u00e9s trompa solista de l&#8217;Orquestra Filharmonia d&#8217;Oviedo i membre actiu de la Societat Musical &#8220;La Art\u00edstica&#8221; de Bu\u00f1ol.<\/p>\n\n\n\n<p>Durant els tres dies de duraci\u00f3 del curs, els alumnes rebran un classe col\u00b7lectiva di\u00e0ria i dos individuals, que tindran lloc en el Teatre Montecarlo de 16 a 20 hores, a fi de garantir la dist\u00e0ncia interpersonal i les mesures d&#8217;higiene que garantisquen la seguretat dels participants, davant de l&#8217;excepcional situaci\u00f3 sanit\u00e0ria que vivim.<\/p>\n\n\n\n<p>La matr\u00edcula t\u00e9 un cost de 35EUR per a alumnes externs i de 25EUR per a alumnes i components de la Societat Musical &#8220;La Art\u00edstica&#8221;. Per a m\u00e9s informaci\u00f3 i reserva de places, poden contactar amb l&#8217;Escola de M\u00fasica i Dansa &#8220;Luis Ayll\u00f3n&#8221; en el tel\u00e8fon 962500250 i en el correu electr\u00f2nic <a href=\"mailto:escuelaluisayllon@gmail.com\">escuelaluisayllon@gmail.com<\/a>.<\/p>\n","protected":false},"excerpt":{"rendered":"<div class=\"mh-excerpt\">Com a comprom\u00eds de la Societat Musical &#8220;La Art\u00edstica&#8221; amb l&#8217;excel\u00b7l\u00e8ncia i la formaci\u00f3 dels seus educands, els pr\u00f2xims 28, 29 i 30 d&#8217;octubre tindr\u00e0 lloc en el Teatre Montecarlo el primer Curs de Promoci\u00f3 <a class=\"mh-excerpt-more\" href=\"https:\/\/www.tucomarca.com\/wordpress\/segunda\/ca\/la-sm-lartistica-de-bunyol-organitza-un-nou-curs-de-promocio-juan-carlos-manez\/\" title=\"La SM \u00abL&#8217;Art\u00edstica\u00bb de Bunyol organitza un nou Curs de Promoci\u00f3 &#8220;Juan Carlos M\u00e1\u00f1ez&#8221;\">[+] <\/a><\/div>\n","protected":false},"author":12,"featured_media":117150,"comment_status":"open","ping_status":"open","sticky":false,"template":"","format":"standard","meta":{"footnotes":""},"categories":[11019,10911,11005,10894,10912,11007,10896],"tags":[10385,10559],"class_list":{"0":"post-117151","1":"post","2":"type-post","3":"status-publish","4":"format-standard","5":"has-post-thumbnail","7":"category-agenda-ca","8":"category-bunol-ca","9":"category-canal-musica","10":"category-la-comarca-ca","11":"category-la-hoya-ca","12":"category-ocio-y-cultura-ca","13":"category-seccion-ca","14":"tag-bunol","15":"tag-sm-la-artistica-de-bunol"},"_links":{"self":[{"href":"https:\/\/www.tucomarca.com\/wordpress\/segunda\/ca\/wp-json\/wp\/v2\/posts\/117151","targetHints":{"allow":["GET"]}}],"collection":[{"href":"https:\/\/www.tucomarca.com\/wordpress\/segunda\/ca\/wp-json\/wp\/v2\/posts"}],"about":[{"href":"https:\/\/www.tucomarca.com\/wordpress\/segunda\/ca\/wp-json\/wp\/v2\/types\/post"}],"author":[{"embeddable":true,"href":"https:\/\/www.tucomarca.com\/wordpress\/segunda\/ca\/wp-json\/wp\/v2\/users\/12"}],"replies":[{"embeddable":true,"href":"https:\/\/www.tucomarca.com\/wordpress\/segunda\/ca\/wp-json\/wp\/v2\/comments?post=117151"}],"version-history":[{"count":0,"href":"https:\/\/www.tucomarca.com\/wordpress\/segunda\/ca\/wp-json\/wp\/v2\/posts\/117151\/revisions"}],"wp:featuredmedia":[{"embeddable":true,"href":"https:\/\/www.tucomarca.com\/wordpress\/segunda\/ca\/wp-json\/wp\/v2\/media\/117150"}],"wp:attachment":[{"href":"https:\/\/www.tucomarca.com\/wordpress\/segunda\/ca\/wp-json\/wp\/v2\/media?parent=117151"}],"wp:term":[{"taxonomy":"category","embeddable":true,"href":"https:\/\/www.tucomarca.com\/wordpress\/segunda\/ca\/wp-json\/wp\/v2\/categories?post=117151"},{"taxonomy":"post_tag","embeddable":true,"href":"https:\/\/www.tucomarca.com\/wordpress\/segunda\/ca\/wp-json\/wp\/v2\/tags?post=117151"}],"curies":[{"name":"wp","href":"https:\/\/api.w.org\/{rel}","templated":true}]}}