{"id":117164,"date":"2020-10-26T06:44:56","date_gmt":"2020-10-26T05:44:56","guid":{"rendered":"http:\/\/www.tucomarca.com\/wordpress\/segunda\/?p=117164"},"modified":"2020-10-26T21:10:50","modified_gmt":"2020-10-26T20:10:50","slug":"iatova-realitza-una-campanya-formativa-sobre-responsabilitat-social","status":"publish","type":"post","link":"https:\/\/www.tucomarca.com\/wordpress\/segunda\/ca\/iatova-realitza-una-campanya-formativa-sobre-responsabilitat-social\/","title":{"rendered":"I\u00e0tova realitza una campanya formativa sobre Responsabilitat Social"},"content":{"rendered":"\n<p>L&#8217;Ajuntament del municipi de I\u00e0tova ha realitzat una campanya informativa per a compartir formaci\u00f3 amb la ciutadania quant a la responsabilitat social, per a aix\u00f2 s&#8217;ha creat un v\u00eddeo formatiu que explica i detalla m\u00e9s en qu\u00e8 consistixen i en qu\u00e8 es poden traduir les distintes vies que cont\u00e9 el concepte m\u00e9s ampli de la responsabilitat social tant en el seu vessant individual com associativa i empresarial.<\/p>\n","protected":false},"excerpt":{"rendered":"<div class=\"mh-excerpt\">L&#8217;Ajuntament del municipi de I\u00e0tova ha realitzat una campanya informativa per a compartir formaci\u00f3 amb la ciutadania quant a la responsabilitat social, per a aix\u00f2 s&#8217;ha creat un v\u00eddeo formatiu que explica i detalla m\u00e9s <a class=\"mh-excerpt-more\" href=\"https:\/\/www.tucomarca.com\/wordpress\/segunda\/ca\/iatova-realitza-una-campanya-formativa-sobre-responsabilitat-social\/\" title=\"I\u00e0tova realitza una campanya formativa sobre Responsabilitat Social\">[+] <\/a><\/div>\n","protected":false},"author":12,"featured_media":117163,"comment_status":"open","ping_status":"open","sticky":false,"template":"","format":"standard","meta":{"footnotes":""},"categories":[10980,10948,10894,10912,10947,10896],"tags":[5952,10380],"class_list":{"0":"post-117164","1":"post","2":"type-post","3":"status-publish","4":"format-standard","5":"has-post-thumbnail","7":"category-yatova-ca","8":"category-infraestructuras-ca","9":"category-la-comarca-ca","10":"category-la-hoya-ca","11":"category-politica","12":"category-seccion-ca","13":"tag-la-hoya-de-bunol-chiva","14":"tag-yatova"},"_links":{"self":[{"href":"https:\/\/www.tucomarca.com\/wordpress\/segunda\/ca\/wp-json\/wp\/v2\/posts\/117164","targetHints":{"allow":["GET"]}}],"collection":[{"href":"https:\/\/www.tucomarca.com\/wordpress\/segunda\/ca\/wp-json\/wp\/v2\/posts"}],"about":[{"href":"https:\/\/www.tucomarca.com\/wordpress\/segunda\/ca\/wp-json\/wp\/v2\/types\/post"}],"author":[{"embeddable":true,"href":"https:\/\/www.tucomarca.com\/wordpress\/segunda\/ca\/wp-json\/wp\/v2\/users\/12"}],"replies":[{"embeddable":true,"href":"https:\/\/www.tucomarca.com\/wordpress\/segunda\/ca\/wp-json\/wp\/v2\/comments?post=117164"}],"version-history":[{"count":0,"href":"https:\/\/www.tucomarca.com\/wordpress\/segunda\/ca\/wp-json\/wp\/v2\/posts\/117164\/revisions"}],"wp:featuredmedia":[{"embeddable":true,"href":"https:\/\/www.tucomarca.com\/wordpress\/segunda\/ca\/wp-json\/wp\/v2\/media\/117163"}],"wp:attachment":[{"href":"https:\/\/www.tucomarca.com\/wordpress\/segunda\/ca\/wp-json\/wp\/v2\/media?parent=117164"}],"wp:term":[{"taxonomy":"category","embeddable":true,"href":"https:\/\/www.tucomarca.com\/wordpress\/segunda\/ca\/wp-json\/wp\/v2\/categories?post=117164"},{"taxonomy":"post_tag","embeddable":true,"href":"https:\/\/www.tucomarca.com\/wordpress\/segunda\/ca\/wp-json\/wp\/v2\/tags?post=117164"}],"curies":[{"name":"wp","href":"https:\/\/api.w.org\/{rel}","templated":true}]}}