{"id":117700,"date":"2020-10-29T12:00:52","date_gmt":"2020-10-29T11:00:52","guid":{"rendered":"http:\/\/www.tucomarca.com\/wordpress\/segunda\/?p=117700"},"modified":"2020-10-29T20:53:25","modified_gmt":"2020-10-29T19:53:25","slug":"el-pacte-territorial-per-locupacio-de-la-mancomunitat-de-linterior-terra-del-vi-inicia-el-projecte-adaptt-2020","status":"publish","type":"post","link":"https:\/\/www.tucomarca.com\/wordpress\/segunda\/ca\/el-pacte-territorial-per-locupacio-de-la-mancomunitat-de-linterior-terra-del-vi-inicia-el-projecte-adaptt-2020\/","title":{"rendered":"El Pacte Territorial per l&#8217;Ocupaci\u00f3 de la Mancomunitat de l&#8217;Interior Terra del Vi inicia el Projecte ADAPT@+T 2020"},"content":{"rendered":"\n<h4 class=\"wp-block-heading\"><strong>A trav\u00e9s del programa EMPACE 2020 de LABORA, amb l&#8217;objectiu d&#8217;enfortir la comarca en l&#8217;\u00e0mbit sociolaboral davant del nou escenari post Covid-19<\/strong><\/h4>\n\n\n\n<p>El Servici Valenci\u00e0 d&#8217;Ocupaci\u00f3 i Formaci\u00f3 (LABORA) ha aprovat el finan\u00e7ament d&#8217;un nou projecte experimental d&#8217;ocupaci\u00f3, dissenyat per t\u00e8cnics de la Mancomunitat de l&#8217;Interior Terra del Vi, dins del programa EMPACE 2020.<\/p>\n\n\n\n<p><strong>Objetius<\/strong><\/p>\n\n\n\n<p>ADAPT @ + T 2020 mant\u00e9 la marca de el projecte per refor\u00e7ar el treball de comunicaci\u00f3 realitzat, aix\u00ed com una imatge i repercussi\u00f3 social cada vegada m\u00e9s consolidada. D&#8217;aquesta manera, LABORA i la Mancomunitat de l&#8217;Interior es posicionen com a entitats de refer\u00e8ncia per a la dinamitzaci\u00f3 de el teixit social i econ\u00f2mic de la comarca.<\/p>\n\n\n\n<p>El nou projecte pret\u00e9n fer front a una s\u00e8rie de reptes, adaptant-se i superant les circumst\u00e0ncies imposades per la Covid-19 i les existents din\u00e0miques de despoblaci\u00f3 i despoblament que afecten, de manera desigual, a la comarca. L&#8217;horitz\u00f3 de superaci\u00f3 d&#8217;aquest projecte \u00e9s l&#8217;accessibilitat intel\u00b7lectual a el m\u00f3n digital, la superaci\u00f3 de la bretxa de g\u00e8nere i la desocupaci\u00f3 de llarga durada, la conson\u00e0ncia entre formaci\u00f3 i ocupabilitat, la Territorialitat com a motor de la iniciativa i innovaci\u00f3 empresarial, l&#8217;exploraci\u00f3 de nous n\u00ednxols econ\u00f2mics i l&#8217;ampliaci\u00f3 de les xarxes de comunicaci\u00f3 i iniciatives participatives.<\/p>\n\n\n\n<p><strong>Noves l\u00ednies d&#8217;actuaci\u00f3<\/strong><\/p>\n\n\n\n<p>Els Objectius de Desenvolupament Sostenible marcats per l&#8217;ONU en l&#8217;Horitz\u00f3 2030 constitueixen la base conceptual que ha perm\u00e8s establir \u00e0mbits d&#8217;innovaci\u00f3 pel que fa a la intervenci\u00f3 de el projecte. El resultat s\u00f3n els eixos d&#8217;actuaci\u00f3 de qu\u00e8 consta ADAPT @ + T 2020: Coaching per a l&#8217;emprenedoria, Economia social i espais col\u00b7laboratius de treball (Bobal Hub), Capacita TICs (compet\u00e8ncies digitals), governan\u00e7a participativa, formaci\u00f3 d&#8217;acompanyants tur\u00edstics, impuls empresarial i resili\u00e8ncia i, finalment, un eix transversal de comunicaci\u00f3 i difusi\u00f3.<br>\nEl car\u00e0cter global de les accions a emprendre per ADAPT @ + T 2020 fa necessari coordinar el projecte experimental amb la resta de les accions de la Mancomunitat. Destaquen el Pla de Dinamitzaci\u00f3 i Governan\u00e7a Tur\u00edstica (al costat de Turisme Comunitat Valenciana i Val\u00e8ncia Turisme), les Jornades de Responsabilitat Social (organitzades per diversos municipis de la comarca en col\u00b7laboraci\u00f3 amb la Conselleria de Participaci\u00f3, Transpar\u00e8ncia, Cooperaci\u00f3 i Qualitat Democr\u00e0tica), accions relacionades amb la Formaci\u00f3 per a l&#8217;Ocupaci\u00f3 i la Xarxa Jove (al costat de l&#8217;IVAJ).<\/p>\n\n\n\n<p><strong>Contacte<\/strong><\/p>\n\n\n\n<p>Les persones en situaci\u00f3 d&#8217;atur, empreses i altres entitats que desitgin contactar amb el nou Projecte Experimental d&#8217;Ocupaci\u00f3 ADAPT @ + T 2020 per rebre orientaci\u00f3, formaci\u00f3 o vulguin establir l\u00ednies de participaci\u00f3, poden contactar amb el projecte a trav\u00e9s de comunicacion@tierradelvino.es, @mitierradelvino en xarxes socials i www.tierradelvino.es<\/p>\n","protected":false},"excerpt":{"rendered":"<div class=\"mh-excerpt\">A trav\u00e9s del programa EMPACE 2020 de LABORA, amb l&#8217;objectiu d&#8217;enfortir la comarca en l&#8217;\u00e0mbit sociolaboral davant del nou escenari post Covid-19 El Servici Valenci\u00e0 d&#8217;Ocupaci\u00f3 i Formaci\u00f3 (LABORA) ha aprovat el finan\u00e7ament d&#8217;un nou <a class=\"mh-excerpt-more\" href=\"https:\/\/www.tucomarca.com\/wordpress\/segunda\/ca\/el-pacte-territorial-per-locupacio-de-la-mancomunitat-de-linterior-terra-del-vi-inicia-el-projecte-adaptt-2020\/\" title=\"El Pacte Territorial per l&#8217;Ocupaci\u00f3 de la Mancomunitat de l&#8217;Interior Terra del Vi inicia el Projecte ADAPT@+T 2020\">[+] <\/a><\/div>\n","protected":false},"author":12,"featured_media":117698,"comment_status":"open","ping_status":"open","sticky":false,"template":"","format":"standard","meta":{"footnotes":""},"categories":[10948,10894,10909,10896],"tags":[11484,7976,10387],"class_list":{"0":"post-117700","1":"post","2":"type-post","3":"status-publish","4":"format-standard","5":"has-post-thumbnail","7":"category-infraestructuras-ca","8":"category-la-comarca-ca","9":"category-requena-utiel-ca","10":"category-seccion-ca","11":"tag-labora","12":"tag-mancomunidad-tierra-del-vino","13":"tag-requena-utiel"},"_links":{"self":[{"href":"https:\/\/www.tucomarca.com\/wordpress\/segunda\/ca\/wp-json\/wp\/v2\/posts\/117700","targetHints":{"allow":["GET"]}}],"collection":[{"href":"https:\/\/www.tucomarca.com\/wordpress\/segunda\/ca\/wp-json\/wp\/v2\/posts"}],"about":[{"href":"https:\/\/www.tucomarca.com\/wordpress\/segunda\/ca\/wp-json\/wp\/v2\/types\/post"}],"author":[{"embeddable":true,"href":"https:\/\/www.tucomarca.com\/wordpress\/segunda\/ca\/wp-json\/wp\/v2\/users\/12"}],"replies":[{"embeddable":true,"href":"https:\/\/www.tucomarca.com\/wordpress\/segunda\/ca\/wp-json\/wp\/v2\/comments?post=117700"}],"version-history":[{"count":0,"href":"https:\/\/www.tucomarca.com\/wordpress\/segunda\/ca\/wp-json\/wp\/v2\/posts\/117700\/revisions"}],"wp:featuredmedia":[{"embeddable":true,"href":"https:\/\/www.tucomarca.com\/wordpress\/segunda\/ca\/wp-json\/wp\/v2\/media\/117698"}],"wp:attachment":[{"href":"https:\/\/www.tucomarca.com\/wordpress\/segunda\/ca\/wp-json\/wp\/v2\/media?parent=117700"}],"wp:term":[{"taxonomy":"category","embeddable":true,"href":"https:\/\/www.tucomarca.com\/wordpress\/segunda\/ca\/wp-json\/wp\/v2\/categories?post=117700"},{"taxonomy":"post_tag","embeddable":true,"href":"https:\/\/www.tucomarca.com\/wordpress\/segunda\/ca\/wp-json\/wp\/v2\/tags?post=117700"}],"curies":[{"name":"wp","href":"https:\/\/api.w.org\/{rel}","templated":true}]}}