{"id":117965,"date":"2020-10-31T18:01:41","date_gmt":"2020-10-31T17:01:41","guid":{"rendered":"http:\/\/www.tucomarca.com\/wordpress\/segunda\/?p=117965"},"modified":"2020-11-01T13:24:56","modified_gmt":"2020-11-01T12:24:56","slug":"lajuntament-de-iatova-gestiona-dos-importants-subvencions-per-a-la-rehabilitacio-de-vivendes","status":"publish","type":"post","link":"https:\/\/www.tucomarca.com\/wordpress\/segunda\/ca\/lajuntament-de-iatova-gestiona-dos-importants-subvencions-per-a-la-rehabilitacio-de-vivendes\/","title":{"rendered":"L&#8217;Ajuntament de I\u00e0tova gestiona dos importants subvencions per a la rehabilitaci\u00f3 de vivendes"},"content":{"rendered":"\n<p>L&#8217;Ajuntament de I\u00e0tova ha realitzat la gesti\u00f3 de dos importants subvencions amb la Conselleria de Vivenda i Arquitectura Bioclim\u00e0tica, una de 150.000 euros per a l&#8217;any 2021 i una altra de 290.000 euros per a 2022.<\/p>\n\n\n\n<p>Han de destinar-se a la reforma de les vivendes situades en El Carrer Germ\u00e0 Burriel, per a dotar-les de mitjans d&#8217;efici\u00e8ncia energ\u00e8tica i que tinguen un \u00fas social en benefici del ve\u00efnat.<\/p>\n\n\n\n<p>Des del consistori han expressat la seua il\u00b7lusi\u00f3 per esta gesti\u00f3 per a aix\u00ed poder dur a terme iniciatives p\u00fabliques que donen a la poblaci\u00f3, especialment a les generacions m\u00e9s j\u00f3vens, un motiu m\u00e9s per a quedar-se en el poble i dur a terme a Y\u00e1tova el seu projecte de vida.<\/p>\n","protected":false},"excerpt":{"rendered":"<div class=\"mh-excerpt\">L&#8217;Ajuntament de I\u00e0tova ha realitzat la gesti\u00f3 de dos importants subvencions amb la Conselleria de Vivenda i Arquitectura Bioclim\u00e0tica, una de 150.000 euros per a l&#8217;any 2021 i una altra de 290.000 euros per a <a class=\"mh-excerpt-more\" href=\"https:\/\/www.tucomarca.com\/wordpress\/segunda\/ca\/lajuntament-de-iatova-gestiona-dos-importants-subvencions-per-a-la-rehabilitacio-de-vivendes\/\" title=\"L&#8217;Ajuntament de I\u00e0tova gestiona dos importants subvencions per a la rehabilitaci\u00f3 de vivendes\">[+] <\/a><\/div>\n","protected":false},"author":12,"featured_media":117963,"comment_status":"open","ping_status":"open","sticky":false,"template":"","format":"standard","meta":{"footnotes":""},"categories":[10980,10948,10894,10912,10947,10896],"tags":[5952,10380],"class_list":{"0":"post-117965","1":"post","2":"type-post","3":"status-publish","4":"format-standard","5":"has-post-thumbnail","7":"category-yatova-ca","8":"category-infraestructuras-ca","9":"category-la-comarca-ca","10":"category-la-hoya-ca","11":"category-politica","12":"category-seccion-ca","13":"tag-la-hoya-de-bunol-chiva","14":"tag-yatova"},"_links":{"self":[{"href":"https:\/\/www.tucomarca.com\/wordpress\/segunda\/ca\/wp-json\/wp\/v2\/posts\/117965","targetHints":{"allow":["GET"]}}],"collection":[{"href":"https:\/\/www.tucomarca.com\/wordpress\/segunda\/ca\/wp-json\/wp\/v2\/posts"}],"about":[{"href":"https:\/\/www.tucomarca.com\/wordpress\/segunda\/ca\/wp-json\/wp\/v2\/types\/post"}],"author":[{"embeddable":true,"href":"https:\/\/www.tucomarca.com\/wordpress\/segunda\/ca\/wp-json\/wp\/v2\/users\/12"}],"replies":[{"embeddable":true,"href":"https:\/\/www.tucomarca.com\/wordpress\/segunda\/ca\/wp-json\/wp\/v2\/comments?post=117965"}],"version-history":[{"count":0,"href":"https:\/\/www.tucomarca.com\/wordpress\/segunda\/ca\/wp-json\/wp\/v2\/posts\/117965\/revisions"}],"wp:featuredmedia":[{"embeddable":true,"href":"https:\/\/www.tucomarca.com\/wordpress\/segunda\/ca\/wp-json\/wp\/v2\/media\/117963"}],"wp:attachment":[{"href":"https:\/\/www.tucomarca.com\/wordpress\/segunda\/ca\/wp-json\/wp\/v2\/media?parent=117965"}],"wp:term":[{"taxonomy":"category","embeddable":true,"href":"https:\/\/www.tucomarca.com\/wordpress\/segunda\/ca\/wp-json\/wp\/v2\/categories?post=117965"},{"taxonomy":"post_tag","embeddable":true,"href":"https:\/\/www.tucomarca.com\/wordpress\/segunda\/ca\/wp-json\/wp\/v2\/tags?post=117965"}],"curies":[{"name":"wp","href":"https:\/\/api.w.org\/{rel}","templated":true}]}}