{"id":118012,"date":"2020-11-01T23:00:31","date_gmt":"2020-11-01T22:00:31","guid":{"rendered":"http:\/\/www.tucomarca.com\/wordpress\/segunda\/?p=118012"},"modified":"2020-11-02T22:18:01","modified_gmt":"2020-11-02T21:18:01","slug":"actes-vandalics-deixen-5-contenidors-cremats-a-requena","status":"publish","type":"post","link":"https:\/\/www.tucomarca.com\/wordpress\/segunda\/ca\/actes-vandalics-deixen-5-contenidors-cremats-a-requena\/","title":{"rendered":"Actes vand\u00e0lics deixen 5 contenidors cremats a Requena"},"content":{"rendered":"\n<p>Segons un comunicat de l&#8217;Ajuntament de Requena, s&#8217;han produ\u00eft actes vand\u00e0lics per part d&#8217;una persona que les forces de seguretat no han pogut detindre; per\u00f2 treballen en la seua identificaci\u00f3. Esta persona, que es creu que va actuar en solitari, va incendiar 5 contenidors per tota la zona urbana de Requena, incomplint a m\u00e9s les restriccions de mobilitat nocturna.<\/p>\n\n\n\n<p>Per culpa d&#8217;esta acci\u00f3 &#8220;podr\u00edan haver cremat vehicles de particulars que estaven estacionats en la via p\u00fablica, a m\u00e9s del perju\u00ed ocasionat amb les seues accions a tota la ciutadania de Requena&#8221; advertixen des de l&#8217;Ajuntament. Per tot aix\u00f2, es posa a disposici\u00f3 de tota la poblaci\u00f3 el tel\u00e8fon de la Policia Local de Requena (962301325) per si els ve\u00efns observen alguna persona trencant les restriccions de mobilitat nocturna. Informa, <strong>Luis Ib\u00e1\u00f1ez.<\/strong><\/p>\n","protected":false},"excerpt":{"rendered":"<div class=\"mh-excerpt\">Segons un comunicat de l&#8217;Ajuntament de Requena, s&#8217;han produ\u00eft actes vand\u00e0lics per part d&#8217;una persona que les forces de seguretat no han pogut detindre; per\u00f2 treballen en la seua identificaci\u00f3. Esta persona, que es creu <a class=\"mh-excerpt-more\" href=\"https:\/\/www.tucomarca.com\/wordpress\/segunda\/ca\/actes-vandalics-deixen-5-contenidors-cremats-a-requena\/\" title=\"Actes vand\u00e0lics deixen 5 contenidors cremats a Requena\">[+] <\/a><\/div>\n","protected":false},"author":12,"featured_media":118011,"comment_status":"open","ping_status":"open","sticky":false,"template":"","format":"standard","meta":{"footnotes":""},"categories":[10948,10894,10908,10909,10896,10897],"tags":[10388,10387],"class_list":{"0":"post-118012","1":"post","2":"type-post","3":"status-publish","4":"format-standard","5":"has-post-thumbnail","7":"category-infraestructuras-ca","8":"category-la-comarca-ca","9":"category-requena-ca","10":"category-requena-utiel-ca","11":"category-seccion-ca","12":"category-sucesos-la-comarca-ca","13":"tag-requena","14":"tag-requena-utiel"},"_links":{"self":[{"href":"https:\/\/www.tucomarca.com\/wordpress\/segunda\/ca\/wp-json\/wp\/v2\/posts\/118012","targetHints":{"allow":["GET"]}}],"collection":[{"href":"https:\/\/www.tucomarca.com\/wordpress\/segunda\/ca\/wp-json\/wp\/v2\/posts"}],"about":[{"href":"https:\/\/www.tucomarca.com\/wordpress\/segunda\/ca\/wp-json\/wp\/v2\/types\/post"}],"author":[{"embeddable":true,"href":"https:\/\/www.tucomarca.com\/wordpress\/segunda\/ca\/wp-json\/wp\/v2\/users\/12"}],"replies":[{"embeddable":true,"href":"https:\/\/www.tucomarca.com\/wordpress\/segunda\/ca\/wp-json\/wp\/v2\/comments?post=118012"}],"version-history":[{"count":0,"href":"https:\/\/www.tucomarca.com\/wordpress\/segunda\/ca\/wp-json\/wp\/v2\/posts\/118012\/revisions"}],"wp:featuredmedia":[{"embeddable":true,"href":"https:\/\/www.tucomarca.com\/wordpress\/segunda\/ca\/wp-json\/wp\/v2\/media\/118011"}],"wp:attachment":[{"href":"https:\/\/www.tucomarca.com\/wordpress\/segunda\/ca\/wp-json\/wp\/v2\/media?parent=118012"}],"wp:term":[{"taxonomy":"category","embeddable":true,"href":"https:\/\/www.tucomarca.com\/wordpress\/segunda\/ca\/wp-json\/wp\/v2\/categories?post=118012"},{"taxonomy":"post_tag","embeddable":true,"href":"https:\/\/www.tucomarca.com\/wordpress\/segunda\/ca\/wp-json\/wp\/v2\/tags?post=118012"}],"curies":[{"name":"wp","href":"https:\/\/api.w.org\/{rel}","templated":true}]}}