{"id":118074,"date":"2020-11-03T14:00:24","date_gmt":"2020-11-03T13:00:24","guid":{"rendered":"http:\/\/www.tucomarca.com\/wordpress\/segunda\/?p=118074"},"modified":"2020-11-04T01:56:18","modified_gmt":"2020-11-04T00:56:18","slug":"lajuntament-de-bunyol-inicia-una-campanya-dinformacio-enfront-de-la-pandemia-despres-de-les-noves-restriccions-aprovades-pel-consell","status":"publish","type":"post","link":"https:\/\/www.tucomarca.com\/wordpress\/segunda\/ca\/lajuntament-de-bunyol-inicia-una-campanya-dinformacio-enfront-de-la-pandemia-despres-de-les-noves-restriccions-aprovades-pel-consell\/","title":{"rendered":"L&#8217;Ajuntament de Bunyol inicia una campanya d&#8217;informaci\u00f3 enfront de la pand\u00e8mia despr\u00e9s de les noves restriccions aprovades pel Consell"},"content":{"rendered":"\n<h4 class=\"wp-block-heading\"><strong>Des de la regidoria de Comer\u00e7 de l&#8217;Ajuntament de Bunyol s&#8217;unixen a la campanya europea d&#8217;avan\u00e7ar els nostres horaris de sopar per a recolzar l&#8217;hostaleria de la localitat, que ha de tancar a les 12 de la nit<\/strong><\/h4>\n\n\n\n<figure class=\"wp-block-image\"><img loading=\"lazy\" decoding=\"async\" width=\"724\" height=\"1024\" src=\"http:\/\/www.tucomarca.com\/wordpress\/segunda\/wp-content\/uploads\/2020\/11\/ALARMA-COVID_octBUENO-724x1024.jpg\" alt=\"\" class=\"wp-image-118072\" srcset=\"https:\/\/www.tucomarca.com\/wordpress\/segunda\/wp-content\/uploads\/2020\/11\/ALARMA-COVID_octBUENO-724x1024.jpg 724w, https:\/\/www.tucomarca.com\/wordpress\/segunda\/wp-content\/uploads\/2020\/11\/ALARMA-COVID_octBUENO-212x300.jpg 212w, https:\/\/www.tucomarca.com\/wordpress\/segunda\/wp-content\/uploads\/2020\/11\/ALARMA-COVID_octBUENO-768x1086.jpg 768w, https:\/\/www.tucomarca.com\/wordpress\/segunda\/wp-content\/uploads\/2020\/11\/ALARMA-COVID_octBUENO.jpg 787w\" sizes=\"auto, (max-width: 724px) 100vw, 724px\" \/><\/figure>\n\n\n\n<p>Juncal Carrascosa, alcaldessa de Bunyol i responsable de l&#8217;\u00e0rea de Comer\u00e7 de l&#8217;consistori, ha informat de la cartelleria que des de divendres passat es ve informant a la poblaci\u00f3 a trav\u00e9s de xarxes socials i bars, restaurants i establiments de la localitat sobre les mesures a tenir en compte davant de la pand\u00e8mia despr\u00e9s de la declaraci\u00f3 de Consell de el toc de queda i el tancament perimetral de tota l&#8217;autonomia des d&#8217;aquest divendres.<\/p>\n\n\n\n<p>En els cartells que s&#8217;han dif\u00f3s des de l&#8217;Ajuntament de Bunyol s&#8217;informa de la prohibici\u00f3 de la lliure circulaci\u00f3 de persones a la via i espais p\u00fablics de 0,00 a 6,00h, excepte els casos autoritzats per llei; la prohibici\u00f3 de reunions de m\u00e9s de 6 persones en entorns privats o p\u00fablics, excepte convivents, i es mantenen les activitats i esdeveniments amb aforaments i mesures establertes per la Generalitat; el tancament dels jardins i zones d&#8217;esplai de 22 a 8 h; la prohibici\u00f3 de venda d&#8217;alcohol entre les 22 i les 8h en tot tipus d&#8217;establiments, excepte en hostaleria, i el consum d&#8217;alcohol a la via p\u00fablica segueix estant prohibit les 24 hores del dia, excepte en les terrasses de locals d&#8217;hostaleria; i finalment, en els establiments d&#8217;hostaleria el consum ser\u00e0 sempre assegut a taula, les taules deuen tenir fins a 6 persones, en les barres nom\u00e9s es pot demanar i recollir, l&#8217;horari de tancament \u00e9s a les 0,00 h, per\u00f2 no poden acceptar clients des de les 23h, i l&#8217;\u00fas de mascareta \u00e9s obligatori en tot moment, excepte en l&#8217;instant just de la consumici\u00f3.<\/p>\n\n\n\n<p>La primer edil bunyolense tamb\u00e9 s&#8217;uneix des d&#8217;aquesta campanya del consistori a l&#8217;avan\u00e7ament dels nostres horaris, a el m\u00e9s pur estil europeu, per adaptar-se a les restriccions de tancament de la restauraci\u00f3. &#8220;La campanya que hem llan\u00e7at diu:&#8221; adapta&#8217;t: avan\u00e7a teus horaris&#8221;; amb l&#8217;objectiu que si tots anem a les 22h a sopar \u00e9s for\u00e7a dif\u00edcil que puguem estar a casa a les 0,00h, pel que recomanem avan\u00e7ar els horaris de Tardeo i aix\u00ed poder consumir amb tranquil\u00b7litat&#8221;, finalitzava Juncal Carrascosa.<\/p>\n\n\n\n<p>Anima a continuar sent prudents i a assistir a tots els actes i activitats culturals que s&#8217;estan dissenyant des de l&#8217;Ajuntament de Bunyol perqu\u00e8 se seguixen les mesures de dist\u00e0ncia social, higiene de mans i \u00fas de m\u00e0scares, sense oblidar l&#8217;aforament limitat que tenen totes elles.<\/p>\n","protected":false},"excerpt":{"rendered":"<div class=\"mh-excerpt\">Des de la regidoria de Comer\u00e7 de l&#8217;Ajuntament de Bunyol s&#8217;unixen a la campanya europea d&#8217;avan\u00e7ar els nostres horaris de sopar per a recolzar l&#8217;hostaleria de la localitat, que ha de tancar a les 12 <a class=\"mh-excerpt-more\" href=\"https:\/\/www.tucomarca.com\/wordpress\/segunda\/ca\/lajuntament-de-bunyol-inicia-una-campanya-dinformacio-enfront-de-la-pandemia-despres-de-les-noves-restriccions-aprovades-pel-consell\/\" title=\"L&#8217;Ajuntament de Bunyol inicia una campanya d&#8217;informaci\u00f3 enfront de la pand\u00e8mia despr\u00e9s de les noves restriccions aprovades pel Consell\">[+] <\/a><\/div>\n","protected":false},"author":12,"featured_media":118071,"comment_status":"open","ping_status":"open","sticky":false,"template":"","format":"standard","meta":{"footnotes":""},"categories":[10911,12202,10948,10894,10912,10947,10896,10897],"tags":[10913,11939,11940,10914],"class_list":{"0":"post-118074","1":"post","2":"type-post","3":"status-publish","4":"format-standard","5":"has-post-thumbnail","7":"category-bunol-ca","8":"category-covid-19-ca","9":"category-infraestructuras-ca","10":"category-la-comarca-ca","11":"category-la-hoya-ca","12":"category-politica","13":"category-seccion-ca","14":"category-sucesos-la-comarca-ca","15":"tag-bunol-ca","16":"tag-coronavirus-ca","17":"tag-covid-19-ca","18":"tag-la-hoya-de-bunol-chiva-ca"},"_links":{"self":[{"href":"https:\/\/www.tucomarca.com\/wordpress\/segunda\/ca\/wp-json\/wp\/v2\/posts\/118074","targetHints":{"allow":["GET"]}}],"collection":[{"href":"https:\/\/www.tucomarca.com\/wordpress\/segunda\/ca\/wp-json\/wp\/v2\/posts"}],"about":[{"href":"https:\/\/www.tucomarca.com\/wordpress\/segunda\/ca\/wp-json\/wp\/v2\/types\/post"}],"author":[{"embeddable":true,"href":"https:\/\/www.tucomarca.com\/wordpress\/segunda\/ca\/wp-json\/wp\/v2\/users\/12"}],"replies":[{"embeddable":true,"href":"https:\/\/www.tucomarca.com\/wordpress\/segunda\/ca\/wp-json\/wp\/v2\/comments?post=118074"}],"version-history":[{"count":0,"href":"https:\/\/www.tucomarca.com\/wordpress\/segunda\/ca\/wp-json\/wp\/v2\/posts\/118074\/revisions"}],"wp:featuredmedia":[{"embeddable":true,"href":"https:\/\/www.tucomarca.com\/wordpress\/segunda\/ca\/wp-json\/wp\/v2\/media\/118071"}],"wp:attachment":[{"href":"https:\/\/www.tucomarca.com\/wordpress\/segunda\/ca\/wp-json\/wp\/v2\/media?parent=118074"}],"wp:term":[{"taxonomy":"category","embeddable":true,"href":"https:\/\/www.tucomarca.com\/wordpress\/segunda\/ca\/wp-json\/wp\/v2\/categories?post=118074"},{"taxonomy":"post_tag","embeddable":true,"href":"https:\/\/www.tucomarca.com\/wordpress\/segunda\/ca\/wp-json\/wp\/v2\/tags?post=118074"}],"curies":[{"name":"wp","href":"https:\/\/api.w.org\/{rel}","templated":true}]}}