{"id":118547,"date":"2020-11-09T09:00:23","date_gmt":"2020-11-09T08:00:23","guid":{"rendered":"http:\/\/www.tucomarca.com\/wordpress\/segunda\/?p=118547"},"modified":"2020-11-09T19:56:33","modified_gmt":"2020-11-09T18:56:33","slug":"venta-del-moro-pren-mesures-per-a-evitar-la-propagacio-del-covid-19","status":"publish","type":"post","link":"https:\/\/www.tucomarca.com\/wordpress\/segunda\/ca\/venta-del-moro-pren-mesures-per-a-evitar-la-propagacio-del-covid-19\/","title":{"rendered":"Venta del Moro pren mesures per a evitar la propagaci\u00f3 del Covid-19"},"content":{"rendered":"\n<p>L&#8217;Ajuntament de Venta del Moro a fi de preservar la salut dels habitants del municipi davant de l&#8217;aparici\u00f3 de diversos casos de Covid-19, ha decidit prendre una s\u00e8rie de mesures que estaran vigents fins al 21 d&#8217;este mes. Aix\u00ed les coses, el consistori ha tancat tots els parcs infantils i susp\u00e9s totes les activitats culturals, educatives i esportives que es realitzen en les instal\u00b7lacions municipals.<\/p>\n\n\n\n<p>Aix\u00ed mateix, han quedat tancades les instal\u00b7lacions esportives municipals i susp\u00e9s el mercat municipal.<\/p>\n\n\n\n<p>Es recomana a m\u00e9s, la via telef\u00f2nica per a l&#8217;atenci\u00f3 al p\u00fablic de l&#8217;Ajuntament. Informa, <strong>Luis Ib\u00e1\u00f1ez.<\/strong><\/p>\n","protected":false},"excerpt":{"rendered":"<div class=\"mh-excerpt\">L&#8217;Ajuntament de Venta del Moro a fi de preservar la salut dels habitants del municipi davant de l&#8217;aparici\u00f3 de diversos casos de Covid-19, ha decidit prendre una s\u00e8rie de mesures que estaran vigents fins al <a class=\"mh-excerpt-more\" href=\"https:\/\/www.tucomarca.com\/wordpress\/segunda\/ca\/venta-del-moro-pren-mesures-per-a-evitar-la-propagacio-del-covid-19\/\" title=\"Venta del Moro pren mesures per a evitar la propagaci\u00f3 del Covid-19\">[+] <\/a><\/div>\n","protected":false},"author":12,"featured_media":87912,"comment_status":"open","ping_status":"open","sticky":false,"template":"","format":"standard","meta":{"footnotes":""},"categories":[11010,12202,10894,10909,10896,11060],"tags":[11937,11939,11938,11940,10387,10910,10454,11709],"class_list":{"0":"post-118547","1":"post","2":"type-post","3":"status-publish","4":"format-standard","5":"has-post-thumbnail","7":"category-canal-salud","8":"category-covid-19-ca","9":"category-la-comarca-ca","10":"category-requena-utiel-ca","11":"category-seccion-ca","12":"category-venta-del-moro-ca","13":"tag-coronavirus","14":"tag-coronavirus-ca","15":"tag-covid-19","16":"tag-covid-19-ca","17":"tag-requena-utiel","18":"tag-requena-utiel-ca","19":"tag-venta-del-moro","20":"tag-venta-del-moro-ca"},"_links":{"self":[{"href":"https:\/\/www.tucomarca.com\/wordpress\/segunda\/ca\/wp-json\/wp\/v2\/posts\/118547","targetHints":{"allow":["GET"]}}],"collection":[{"href":"https:\/\/www.tucomarca.com\/wordpress\/segunda\/ca\/wp-json\/wp\/v2\/posts"}],"about":[{"href":"https:\/\/www.tucomarca.com\/wordpress\/segunda\/ca\/wp-json\/wp\/v2\/types\/post"}],"author":[{"embeddable":true,"href":"https:\/\/www.tucomarca.com\/wordpress\/segunda\/ca\/wp-json\/wp\/v2\/users\/12"}],"replies":[{"embeddable":true,"href":"https:\/\/www.tucomarca.com\/wordpress\/segunda\/ca\/wp-json\/wp\/v2\/comments?post=118547"}],"version-history":[{"count":0,"href":"https:\/\/www.tucomarca.com\/wordpress\/segunda\/ca\/wp-json\/wp\/v2\/posts\/118547\/revisions"}],"wp:featuredmedia":[{"embeddable":true,"href":"https:\/\/www.tucomarca.com\/wordpress\/segunda\/ca\/wp-json\/wp\/v2\/media\/87912"}],"wp:attachment":[{"href":"https:\/\/www.tucomarca.com\/wordpress\/segunda\/ca\/wp-json\/wp\/v2\/media?parent=118547"}],"wp:term":[{"taxonomy":"category","embeddable":true,"href":"https:\/\/www.tucomarca.com\/wordpress\/segunda\/ca\/wp-json\/wp\/v2\/categories?post=118547"},{"taxonomy":"post_tag","embeddable":true,"href":"https:\/\/www.tucomarca.com\/wordpress\/segunda\/ca\/wp-json\/wp\/v2\/tags?post=118547"}],"curies":[{"name":"wp","href":"https:\/\/api.w.org\/{rel}","templated":true}]}}