{"id":118556,"date":"2020-11-09T08:55:01","date_gmt":"2020-11-09T07:55:01","guid":{"rendered":"http:\/\/www.tucomarca.com\/wordpress\/segunda\/?p=118556"},"modified":"2020-11-10T03:32:05","modified_gmt":"2020-11-10T02:32:05","slug":"la-do-valencia-posa-en-marxa-el-6t-repte-del-maridatge-per-a-recolzar-al-sector-hostaler","status":"publish","type":"post","link":"https:\/\/www.tucomarca.com\/wordpress\/segunda\/ca\/la-do-valencia-posa-en-marxa-el-6t-repte-del-maridatge-per-a-recolzar-al-sector-hostaler\/","title":{"rendered":"La DO Val\u00e8ncia posa en marxa el 6t Repte del Maridatge per a recolzar al sector hostaler"},"content":{"rendered":"\n<p>El Consell Regulador de Vins de la Denominaci\u00f3 d&#8217;Origen Val\u00e8ncia posa en marxa una nova edici\u00f3 de l&#8217;Repte de l&#8217;Maridatge, una acci\u00f3 que t\u00e9 com a finalitat promocionar els vins adscrits a aquesta denominaci\u00f3, a la qual enguany se suma un nou objectiu: donar suport a el sector hostaler, en un moment marcat per la incertesa.<\/p>\n\n\n\n<p>De el 2 a l&#8217;15 de novembre, els amants de la bona vi podran degustar els millors vins de la DO Val\u00e8ncia, maridats amb diferents tapes gourmet. De 12:30 a 14h i de 19.30 a 21 h, els prop 40 restaurants de la ciutat que s&#8217;han adherit a aquesta campanya, previstos amb totes les mesures de seguretat i higiene, serviran copa m\u00e9s tapa per tan sols 3 \u20ac, sens dubte, una magn\u00edfica oportunitat per gaudir d&#8217;aquest t\u00e0ndem gastron\u00f2mic, a un preu simb\u00f2lic.<\/p>\n\n\n\n<p>El VI Repte de l&#8217;Maridatge recorrer\u00e0 els millors locals de la zona de Russafa-C\u00e1novas, El Carmen i Arag\u00f3, establint una \u00e0mplia ruta, i on delectar els paladars m\u00e9s exquisits.<\/p>\n\n\n\n<p>La campanya tindr\u00e0 tamb\u00e9 un important protagonisme en xarxes socials sota el hashtag #RetoDelMaridaje. A trav\u00e9s dels perfils de DO Val\u00e8ncia a Instagram, Twitter i Facebook, es realitzaran sortejos on els usuaris podran guanyar lots de vi amb denominaci\u00f3 d&#8217;origen DO Val\u00e8ncia. Prescriptors i influencers de la gastronomia valenciana col\u00b7laboraran en aquesta sisena edici\u00f3 animant a el p\u00fablic valenci\u00e0 a consumir aquestes combinacions culin\u00e0ries.<\/p>\n\n\n\n<p>Per al president de la DO Val\u00e8ncia, Cosme Guti\u00e9rrez, &#8220;aquest nou Repte de l&#8217;Maridatge adquireix especial import\u00e0ncia en un moment en qu\u00e8 el sector hostaler, que representa un motor important de la nostra economia, est\u00e0 travessant un moment molt delicat&#8221;.<\/p>\n\n\n\n<p>Per aix\u00f2, &#8220;a trav\u00e9s d&#8217;aquesta campanya volem animar els ciutadans a participar, donant suport a aquest sector, i puguin descobrir a el mateix temps els magn\u00edfics vins que s&#8217;elaboren sota el segell de la DO Val\u00e8ncia, aix\u00ed com les infinites possibilitats de maridatge que poden arribar a tenir&#8221;, ha assegurat. Informa, <strong>Luis Ib\u00e1\u00f1ez.<\/strong><\/p>\n","protected":false},"excerpt":{"rendered":"<div class=\"mh-excerpt\">El Consell Regulador de Vins de la Denominaci\u00f3 d&#8217;Origen Val\u00e8ncia posa en marxa una nova edici\u00f3 de l&#8217;Repte de l&#8217;Maridatge, una acci\u00f3 que t\u00e9 com a finalitat promocionar els vins adscrits a aquesta denominaci\u00f3, a <a class=\"mh-excerpt-more\" href=\"https:\/\/www.tucomarca.com\/wordpress\/segunda\/ca\/la-do-valencia-posa-en-marxa-el-6t-repte-del-maridatge-per-a-recolzar-al-sector-hostaler\/\" title=\"La DO Val\u00e8ncia posa en marxa el 6t Repte del Maridatge per a recolzar al sector hostaler\">[+] <\/a><\/div>\n","protected":false},"author":12,"featured_media":118555,"comment_status":"open","ping_status":"open","sticky":false,"template":"","format":"standard","meta":{"footnotes":""},"categories":[11006,10894,10904,11007,10908,10909,10896,11059],"tags":[11665,12984,10697,9841],"class_list":{"0":"post-118556","1":"post","2":"type-post","3":"status-publish","4":"format-standard","5":"has-post-thumbnail","7":"category-canal-vinos","8":"category-la-comarca-ca","9":"category-sin-categorizar-ca","10":"category-ocio-y-cultura-ca","11":"category-requena-ca","12":"category-requena-utiel-ca","13":"category-seccion-ca","14":"category-utiel-ca","15":"tag-d-o-requena-utiel","16":"tag-d-o-valencia","17":"tag-patronat-de-turisme-de-valencia","18":"tag-valencia-turisme"},"_links":{"self":[{"href":"https:\/\/www.tucomarca.com\/wordpress\/segunda\/ca\/wp-json\/wp\/v2\/posts\/118556","targetHints":{"allow":["GET"]}}],"collection":[{"href":"https:\/\/www.tucomarca.com\/wordpress\/segunda\/ca\/wp-json\/wp\/v2\/posts"}],"about":[{"href":"https:\/\/www.tucomarca.com\/wordpress\/segunda\/ca\/wp-json\/wp\/v2\/types\/post"}],"author":[{"embeddable":true,"href":"https:\/\/www.tucomarca.com\/wordpress\/segunda\/ca\/wp-json\/wp\/v2\/users\/12"}],"replies":[{"embeddable":true,"href":"https:\/\/www.tucomarca.com\/wordpress\/segunda\/ca\/wp-json\/wp\/v2\/comments?post=118556"}],"version-history":[{"count":0,"href":"https:\/\/www.tucomarca.com\/wordpress\/segunda\/ca\/wp-json\/wp\/v2\/posts\/118556\/revisions"}],"wp:featuredmedia":[{"embeddable":true,"href":"https:\/\/www.tucomarca.com\/wordpress\/segunda\/ca\/wp-json\/wp\/v2\/media\/118555"}],"wp:attachment":[{"href":"https:\/\/www.tucomarca.com\/wordpress\/segunda\/ca\/wp-json\/wp\/v2\/media?parent=118556"}],"wp:term":[{"taxonomy":"category","embeddable":true,"href":"https:\/\/www.tucomarca.com\/wordpress\/segunda\/ca\/wp-json\/wp\/v2\/categories?post=118556"},{"taxonomy":"post_tag","embeddable":true,"href":"https:\/\/www.tucomarca.com\/wordpress\/segunda\/ca\/wp-json\/wp\/v2\/tags?post=118556"}],"curies":[{"name":"wp","href":"https:\/\/api.w.org\/{rel}","templated":true}]}}