{"id":118576,"date":"2020-11-09T09:03:36","date_gmt":"2020-11-09T08:03:36","guid":{"rendered":"http:\/\/www.tucomarca.com\/wordpress\/segunda\/?p=118576"},"modified":"2020-11-10T03:38:59","modified_gmt":"2020-11-10T02:38:59","slug":"riba-roja-presenta-la-seua-candidatura-als-premis-conama-amb-un-plan-que-suposa-plantar-2-030-arbres-en-esta-legislatura","status":"publish","type":"post","link":"https:\/\/www.tucomarca.com\/wordpress\/segunda\/ca\/riba-roja-presenta-la-seua-candidatura-als-premis-conama-amb-un-plan-que-suposa-plantar-2-030-arbres-en-esta-legislatura\/","title":{"rendered":"Riba-roja presenta la seua candidatura als Premis Conama amb un plan que suposa plantar 2.030 arbres en esta legislatura"},"content":{"rendered":"\n<h4 class=\"wp-block-heading\"><strong>L&#8217;ajuntament presenta un projecte complet de sostenibilitat ambiental<\/strong><\/h4>\n\n\n\n<p>L&#8217;Ajuntament de Riba-roja de T\u00faria ha presentat la seua candidatura als Premis Conama a la Sostenibilitat de Petits i Mitjans Municipis que reuneix totes les localitats d&#8217;Espanya amb el &#8220;Pla Estrat\u00e8gic d&#8217;Arbrat 2030&#8221; l&#8217;objectiu \u00e9s plantar un total de 2.030 arbres en aquesta legislatura en solidaritat pels incendis ocorreguts a l&#8217;Amaz\u00f2nia al llarg de l&#8217;any passat.<\/p>\n\n\n\n<p>La IX edici\u00f3 dels premis que concedeix la Fundaci\u00f3 Conama, dependent de la Federaci\u00f3 Espanyola de Municipis i Prov\u00edncies (FEMP), tenen com a finalitat principal la recerca de projectes locals que promoguen un desenvolupament sostenible en aquells municipis d&#8217;entre 5.000 i 30.000 habitants, relacionats amb algunes tem\u00e0tiques com l&#8217;aigua, els residus i la qualitat ambiental, la conservaci\u00f3 i la gesti\u00f3 forestal, el sector agroalimentari, l&#8217;economia i l&#8217;ocupaci\u00f3, l&#8217;energia i el canvi clim\u00e0tic, les infraestructures i la mobilitat i, finalment, la societat, la igualtat i la participaci\u00f3.<\/p>\n\n\n\n<p>A m\u00e9s d&#8217;una altra categoria destinada als municipis de menys de 5.000 habitants, l&#8217;organitzaci\u00f3 ha establert una menci\u00f3 especial per cadascuna de les categories per a aquelles candidatures que hagin comptat amb m\u00e9s suport ciutad\u00e0 a trav\u00e9s de la votaci\u00f3 on-line que s&#8217;ha disposat a l&#8217; efecte i no hagi estat reconegut amb cap altre guard\u00f3.<\/p>\n\n\n\n<p>El jurat estar\u00e0 format per un grup d&#8217;experts en desenvolupament rural i sostenibilitat local, en el qual cada membre de l&#8217;jurat comptar\u00e0 amb vot per a l&#8217;assignaci\u00f3 de el premi principal i els dos acc\u00e8ssits de cada categoria. En cas d&#8217;igualtat de vots s&#8217;utilitzar\u00e0 com a criteri de desempat el vot popular obtingut. El jurat podr\u00e0 declarar desert total o parcial qualsevol dels premis i el veredicte ser\u00e0 inapel\u00b7lable.<\/p>\n\n\n\n<p>El programa &#8220;Pla Estrat\u00e8gic d&#8217;Arbrat Riba-roja 2030&#8221; s&#8217;emmarca en el programa EcoRiba la missi\u00f3 original passa per posar en valor el paisatge com a eix dinamitzador del territori a trav\u00e9s de l&#8217;economia verda circular. Aquesta iniciativa abasta diversos \u00e0mbits d&#8217;actuaci\u00f3 com els espais naturals, el casc urb\u00e0, les urbanitzacions i els pol\u00edgons industrials.<\/p>\n\n\n\n<p>Entre els objectius que es plantegen amb aquest projecte municipal destaquen la reducci\u00f3 de la petjada de carboni a escala planet\u00e0ria amb repoblacions en l&#8217;\u00e0mbit local, la recuperaci\u00f3 de bosc de ribera aut\u00f2cton del riu T\u00faria amb un increment de la biodiversitat, la prevenci\u00f3 d&#8217;incendis amb la creaci\u00f3 de barreres verdes mitjan\u00e7ant la substituci\u00f3 de la canya invasora per esp\u00e8cies aut\u00f2ctones o la conscienciaci\u00f3 de la poblaci\u00f3 escolar i la ciutadania en general en les tasques de conservaci\u00f3.<\/p>\n\n\n\n<p>Tamb\u00e9 es pret\u00e9n una integraci\u00f3 de les persones amb diversitat funcional en el desenvolupament de el projecte, un foment de l&#8217;economia verda en l&#8217;\u00e0mbit local o els incentius a la col\u00b7laboraci\u00f3 interinstitucional amb el voluntariat, els escolars i la ciutadania de Riba-roja de T\u00faria.<\/p>\n\n\n\n<p>El projecte de l&#8217;Ajuntament de Riba-roja contribuir\u00e0 a la sostenibilitat ambiental amb l&#8217;increment de la biodiversitat de el parc natural de l&#8217;T\u00faria i una reducci\u00f3 d&#8217;incendis i la creaci\u00f3 d&#8217;embornals de CO2 amb les noves plantacions d&#8217;arbres. En mat\u00e8ria econ\u00f2mica, es potenciar\u00e0 l&#8217;ocupaci\u00f3 verda i inclusiu a trav\u00e9s del manteniment de les \u00e0rees repoblades, mentre que en mat\u00e8ria social es permetr\u00e0 l&#8217;educaci\u00f3 ambiental, el foment de la integraci\u00f3 de persones amb diversitat funcional i la generaci\u00f3 de sinergies entre les administracions p\u00fabliques , grups ecologistes, poblaci\u00f3 escolar i ciutadania en general.<\/p>\n\n\n\n<p>L&#8217;alcalde de Riba-roja de T\u00faria, Robert Raga, ha afirmat que la presentaci\u00f3 de la candidatura &#8220;\u00e9s un repte molt important per a la nostra localitat ja que suposa un esper\u00f3 i un al\u00b7licient per continuar el mateix cam\u00ed que vam emprendre fa anys en la implantaci\u00f3 de iniciatives el principal objectiu \u00e9s aconseguir un entorn m\u00e9s sostenible i respectu\u00f3s amb el nostre medi ambient, des de tots els punts de vista, econ\u00f2mic, social i ambiental &#8220;.<\/p>\n","protected":false},"excerpt":{"rendered":"<div class=\"mh-excerpt\">L&#8217;ajuntament presenta un projecte complet de sostenibilitat ambiental L&#8217;Ajuntament de Riba-roja de T\u00faria ha presentat la seua candidatura als Premis Conama a la Sostenibilitat de Petits i Mitjans Municipis que reuneix totes les localitats d&#8217;Espanya <a class=\"mh-excerpt-more\" href=\"https:\/\/www.tucomarca.com\/wordpress\/segunda\/ca\/riba-roja-presenta-la-seua-candidatura-als-premis-conama-amb-un-plan-que-suposa-plantar-2-030-arbres-en-esta-legislatura\/\" title=\"Riba-roja presenta la seua candidatura als Premis Conama amb un plan que suposa plantar 2.030 arbres en esta legislatura\">[+] <\/a><\/div>\n","protected":false},"author":12,"featured_media":118575,"comment_status":"open","ping_status":"open","sticky":false,"template":"","format":"standard","meta":{"footnotes":""},"categories":[10892,10894,10903,10906,10896],"tags":[10395,8900],"class_list":{"0":"post-118576","1":"post","2":"type-post","3":"status-publish","4":"format-standard","5":"has-post-thumbnail","7":"category-camp-de-turia-ca","8":"category-la-comarca-ca","9":"category-medio-ambiente-la-comarca-ca","10":"category-riba-roja-ca","11":"category-seccion-ca","12":"tag-camp-de-turia","13":"tag-riba-roja-del-turia"},"_links":{"self":[{"href":"https:\/\/www.tucomarca.com\/wordpress\/segunda\/ca\/wp-json\/wp\/v2\/posts\/118576","targetHints":{"allow":["GET"]}}],"collection":[{"href":"https:\/\/www.tucomarca.com\/wordpress\/segunda\/ca\/wp-json\/wp\/v2\/posts"}],"about":[{"href":"https:\/\/www.tucomarca.com\/wordpress\/segunda\/ca\/wp-json\/wp\/v2\/types\/post"}],"author":[{"embeddable":true,"href":"https:\/\/www.tucomarca.com\/wordpress\/segunda\/ca\/wp-json\/wp\/v2\/users\/12"}],"replies":[{"embeddable":true,"href":"https:\/\/www.tucomarca.com\/wordpress\/segunda\/ca\/wp-json\/wp\/v2\/comments?post=118576"}],"version-history":[{"count":0,"href":"https:\/\/www.tucomarca.com\/wordpress\/segunda\/ca\/wp-json\/wp\/v2\/posts\/118576\/revisions"}],"wp:featuredmedia":[{"embeddable":true,"href":"https:\/\/www.tucomarca.com\/wordpress\/segunda\/ca\/wp-json\/wp\/v2\/media\/118575"}],"wp:attachment":[{"href":"https:\/\/www.tucomarca.com\/wordpress\/segunda\/ca\/wp-json\/wp\/v2\/media?parent=118576"}],"wp:term":[{"taxonomy":"category","embeddable":true,"href":"https:\/\/www.tucomarca.com\/wordpress\/segunda\/ca\/wp-json\/wp\/v2\/categories?post=118576"},{"taxonomy":"post_tag","embeddable":true,"href":"https:\/\/www.tucomarca.com\/wordpress\/segunda\/ca\/wp-json\/wp\/v2\/tags?post=118576"}],"curies":[{"name":"wp","href":"https:\/\/api.w.org\/{rel}","templated":true}]}}