{"id":118657,"date":"2020-11-10T11:00:41","date_gmt":"2020-11-10T10:00:41","guid":{"rendered":"http:\/\/www.tucomarca.com\/wordpress\/segunda\/?p=118657"},"modified":"2020-11-11T04:22:47","modified_gmt":"2020-11-11T03:22:47","slug":"requena-acull-una-jornada-sobre-la-pac-2021","status":"publish","type":"post","link":"https:\/\/www.tucomarca.com\/wordpress\/segunda\/ca\/requena-acull-una-jornada-sobre-la-pac-2021\/","title":{"rendered":"Requena acull una jornada sobre la PAC 2021"},"content":{"rendered":"\n<p>Per a donar a con\u00e9ixer les novetats de la Pol\u00edtica Agr\u00edcola Comunit\u00e0ria -PAC- 2021, l&#8217;organitzaci\u00f3 agr\u00e0ria AVA-ASAJA ha convocat una jornada que se celebrar\u00e0 dem\u00e0 dimecres de 18 a 20 hores en l&#8217;Espai Cultural Feliciano A. Yeves, de Requena.<\/p>\n\n\n\n<p>David Romero expert en el tema de la PAC ser\u00e0 l&#8217;encarregat de donar a con\u00e9ixer les importants novetats que portar\u00e0 en el futur la Pol\u00edtica Agr\u00edcola Comunit\u00e0ria.<\/p>\n\n\n\n<p>Les subvencions de la PAC, \u00e9s un assumpte de m\u00e0xim inter\u00e9s per als diversos centenars d&#8217;agricultors de la comarca Requena-Utiel que les perceben. Informa, <strong>Luis Ib\u00e1\u00f1ez.<\/strong><\/p>\n","protected":false},"excerpt":{"rendered":"<div class=\"mh-excerpt\">Per a donar a con\u00e9ixer les novetats de la Pol\u00edtica Agr\u00edcola Comunit\u00e0ria -PAC- 2021, l&#8217;organitzaci\u00f3 agr\u00e0ria AVA-ASAJA ha convocat una jornada que se celebrar\u00e0 dem\u00e0 dimecres de 18 a 20 hores en l&#8217;Espai Cultural Feliciano <a class=\"mh-excerpt-more\" href=\"https:\/\/www.tucomarca.com\/wordpress\/segunda\/ca\/requena-acull-una-jornada-sobre-la-pac-2021\/\" title=\"Requena acull una jornada sobre la PAC 2021\">[+] <\/a><\/div>\n","protected":false},"author":12,"featured_media":118656,"comment_status":"open","ping_status":"open","sticky":false,"template":"","format":"standard","meta":{"footnotes":""},"categories":[11019,10905,10894,10908,10909,10896],"tags":[328,10388,10387],"class_list":{"0":"post-118657","1":"post","2":"type-post","3":"status-publish","4":"format-standard","5":"has-post-thumbnail","7":"category-agenda-ca","8":"category-agricultura-la-comarca-ca","9":"category-la-comarca-ca","10":"category-requena-ca","11":"category-requena-utiel-ca","12":"category-seccion-ca","13":"tag-ava-asaja","14":"tag-requena","15":"tag-requena-utiel"},"_links":{"self":[{"href":"https:\/\/www.tucomarca.com\/wordpress\/segunda\/ca\/wp-json\/wp\/v2\/posts\/118657","targetHints":{"allow":["GET"]}}],"collection":[{"href":"https:\/\/www.tucomarca.com\/wordpress\/segunda\/ca\/wp-json\/wp\/v2\/posts"}],"about":[{"href":"https:\/\/www.tucomarca.com\/wordpress\/segunda\/ca\/wp-json\/wp\/v2\/types\/post"}],"author":[{"embeddable":true,"href":"https:\/\/www.tucomarca.com\/wordpress\/segunda\/ca\/wp-json\/wp\/v2\/users\/12"}],"replies":[{"embeddable":true,"href":"https:\/\/www.tucomarca.com\/wordpress\/segunda\/ca\/wp-json\/wp\/v2\/comments?post=118657"}],"version-history":[{"count":0,"href":"https:\/\/www.tucomarca.com\/wordpress\/segunda\/ca\/wp-json\/wp\/v2\/posts\/118657\/revisions"}],"wp:featuredmedia":[{"embeddable":true,"href":"https:\/\/www.tucomarca.com\/wordpress\/segunda\/ca\/wp-json\/wp\/v2\/media\/118656"}],"wp:attachment":[{"href":"https:\/\/www.tucomarca.com\/wordpress\/segunda\/ca\/wp-json\/wp\/v2\/media?parent=118657"}],"wp:term":[{"taxonomy":"category","embeddable":true,"href":"https:\/\/www.tucomarca.com\/wordpress\/segunda\/ca\/wp-json\/wp\/v2\/categories?post=118657"},{"taxonomy":"post_tag","embeddable":true,"href":"https:\/\/www.tucomarca.com\/wordpress\/segunda\/ca\/wp-json\/wp\/v2\/tags?post=118657"}],"curies":[{"name":"wp","href":"https:\/\/api.w.org\/{rel}","templated":true}]}}