{"id":118670,"date":"2020-11-09T14:01:46","date_gmt":"2020-11-09T13:01:46","guid":{"rendered":"http:\/\/www.tucomarca.com\/wordpress\/segunda\/?p=118670"},"modified":"2020-11-11T20:16:52","modified_gmt":"2020-11-11T19:16:52","slug":"el-consell-abona-mes-de-52-milions-deuros-en-ajudes-a-la-industria-agroalimentaria-en-2020","status":"publish","type":"post","link":"https:\/\/www.tucomarca.com\/wordpress\/segunda\/ca\/el-consell-abona-mes-de-52-milions-deuros-en-ajudes-a-la-industria-agroalimentaria-en-2020\/","title":{"rendered":"El Consell abona m\u00e9s de 52 milions d&#8217;euros en ajudes a la ind\u00fastria agroaliment\u00e0ria en 2020"},"content":{"rendered":"\n<p>Tot i les dificultats sanit\u00e0ries i econ\u00f2miques, &#8220;la Conselleria d&#8217;Agricultura compleix amb els pagaments en termini i a el ritme de les autonomies m\u00e9s \u00e0gils d&#8217;Espanya&#8221; segons fonts de l&#8217;organisme.<\/p>\n\n\n\n<p>Respecte a les inversions en cellers i instal\u00b7lacions enol\u00f2giques amb c\u00e0rrec a el Programa de Suport a l&#8217;Sector Vitivin\u00edcola Espanyol (PASVE), la Conselleria abona 3.590.000 d&#8217;euros procedents de FEAGA.<\/p>\n\n\n\n<p>Referent a aix\u00f2, el 2020 s&#8217;han tramitat 40 expedients de sol\u00b7licitud de pagament procedents de les convocat\u00f2ries 2018 i 2019. Els imports pagats abans de el 15 d&#8217;octubre de 2020 han estat de 1.917.093,56 euros, i per limitaci\u00f3 de sostre pressupostari impostos per les mesures de mercat extraordin\u00e0ries (collita en verd, destil\u00b7laci\u00f3 de crisi, emmagatzematge privat) s&#8217;han causa diferir als \u00faltims mesos de 2020 (despr\u00e9s de el 15 d&#8217;octubre de 2020), 1.667.821 euros addicionals.<\/p>\n\n\n\n<p>A les organitzacions de productors de fruites i hortalisses (OPFH), la Conselleria els ha abonat 37.445.747,58 euros de Fons Europeu Agr\u00edcola de Garantia (FEAGA). Aquesta quantia s&#8217;ha distribu\u00eft entre 93 OPFH (21 d&#8217;Alacant, 19 de Castell\u00f3, i 53 de Val\u00e8ncia) que, en conjunt, agrupen m\u00e9s de 35.000 socis productors de el sector de fruites i hortalisses de la Comunitat Valenciana.<\/p>\n\n\n\n<p>Amb aquests fons comunitaris cofinancen els seus respectius programes operatius, amb els quals aborden anualment inversions en diferents \u00e0mbits: des de la planificaci\u00f3 de la producci\u00f3 i l&#8217;oferta, amb inversions en les explotacions dels propis socis, passant per potents inversions en instal\u00b7lacions de transformaci\u00f3 i condicionament, aix\u00ed com en estrat\u00e8gies de manteniment i millora de la qualitat i comercialitzaci\u00f3 del producte.<\/p>\n\n\n\n<p>Tamb\u00e9 poden fer front a inversions en R + D + I, i fins i tot en mesures de prevenci\u00f3 i gesti\u00f3 de crisi, que s&#8217;activen davant desequilibris de l&#8217;oferta i la demanda.<\/p>\n\n\n\n<p>La PAC exigeix \u200b\u200bper\u00f2 un cert equilibri financer dels programes operatius en totes aquestes mesures, i fins i tot obliga a mantenir una determinada despesa en actuacions mediambientals que, si b\u00e9 en l&#8217;actual PAC 2014-2020 no \u00e9s massa exigent, amb les negociacions de la pr\u00f2xima PAC ho ser\u00e0 en major mesura.<\/p>\n\n\n\n<p>En els primers quinze dies d&#8217;octubre de 2020 es van tramitar pagaments per import de 17,6 milions d&#8217;euros. La Conselleria d&#8217;Agricultura &#8220;ha realitzat un esfor\u00e7 important durant aquests mesos perqu\u00e8 el finan\u00e7ament arrib\u00e9s a les Organitzacions de Productors de Fruites i Hortalisses de la manera m\u00e9s r\u00e0pida i eficient, i l&#8217;elevat grau d&#8217;execuci\u00f3 de l&#8217;pressupost (98,7%) demostra un extraordinari exercici de programaci\u00f3 de les organitzacions, i un important esfor\u00e7 de les unitats t\u00e8cniques de la Direcci\u00f3 general de Pol\u00edtica Agr\u00e0ria Comuna per recolzar-les &#8220;expliquen des Agricultura.<\/p>\n\n\n\n<p>Sobre les ajudes a inversions en ind\u00fastries agroaliment\u00e0ries amb c\u00e0rrec a el Programa de Desenvolupament Rural de la Comunitat Valenciana 2014-2020 (d&#8217;Fons Europeu Agrari de Desenvolupament Rural-Feader), a finals de 2020 es preveu llan\u00e7ar una nova convocat\u00f2ria d&#8217;ajudes amb c\u00e0rrec a aquesta mesura, per\u00f2 mentrestant es realitzen els pagaments compromesos per convocat\u00f2ries pr\u00e8vies.<\/p>\n\n\n\n<p>Aix\u00ed, en el que va d&#8217;any s&#8217;han tramitat 6.846.046,23 euros, i estan pendents de justificar les inversions que han de fer els beneficiaris i benefici\u00e0ries perqu\u00e8 se&#8217;ls abonin fins a 11,5 milions d&#8217;euros (anualitat concedida el 2020), i que es pagaran fins al 31 de desembre. Aquests ajuts reben cofinan\u00e7ament de l&#8217;Feader, de el Ministeri d&#8217;Agricultura, i de la Generalitat, segons les previsions del PDR-CV 2014-2020. Informa, <strong>Luis Ib\u00e1\u00f1ez.<\/strong><\/p>\n","protected":false},"excerpt":{"rendered":"<div class=\"mh-excerpt\">Tot i les dificultats sanit\u00e0ries i econ\u00f2miques, &#8220;la Conselleria d&#8217;Agricultura compleix amb els pagaments en termini i a el ritme de les autonomies m\u00e9s \u00e0gils d&#8217;Espanya&#8221; segons fonts de l&#8217;organisme. Respecte a les inversions en <a class=\"mh-excerpt-more\" href=\"https:\/\/www.tucomarca.com\/wordpress\/segunda\/ca\/el-consell-abona-mes-de-52-milions-deuros-en-ajudes-a-la-industria-agroalimentaria-en-2020\/\" title=\"El Consell abona m\u00e9s de 52 milions d&#8217;euros en ajudes a la ind\u00fastria agroaliment\u00e0ria en 2020\">[+] <\/a><\/div>\n","protected":false},"author":12,"featured_media":115981,"comment_status":"open","ping_status":"open","sticky":false,"template":"","format":"standard","meta":{"footnotes":""},"categories":[10905,10892,10894,10904,10902,10908,10909,10896,11047],"tags":[10395,12855,3640,10387],"class_list":{"0":"post-118670","1":"post","2":"type-post","3":"status-publish","4":"format-standard","5":"has-post-thumbnail","7":"category-agricultura-la-comarca-ca","8":"category-camp-de-turia-ca","9":"category-la-comarca-ca","10":"category-sin-categorizar-ca","11":"category-la-ribera-ca","12":"category-requena-ca","13":"category-requena-utiel-ca","14":"category-seccion-ca","15":"category-turis-ca","16":"tag-camp-de-turia","17":"tag-conselleria-de-agricultura","18":"tag-la-ribera-alta","19":"tag-requena-utiel"},"_links":{"self":[{"href":"https:\/\/www.tucomarca.com\/wordpress\/segunda\/ca\/wp-json\/wp\/v2\/posts\/118670","targetHints":{"allow":["GET"]}}],"collection":[{"href":"https:\/\/www.tucomarca.com\/wordpress\/segunda\/ca\/wp-json\/wp\/v2\/posts"}],"about":[{"href":"https:\/\/www.tucomarca.com\/wordpress\/segunda\/ca\/wp-json\/wp\/v2\/types\/post"}],"author":[{"embeddable":true,"href":"https:\/\/www.tucomarca.com\/wordpress\/segunda\/ca\/wp-json\/wp\/v2\/users\/12"}],"replies":[{"embeddable":true,"href":"https:\/\/www.tucomarca.com\/wordpress\/segunda\/ca\/wp-json\/wp\/v2\/comments?post=118670"}],"version-history":[{"count":0,"href":"https:\/\/www.tucomarca.com\/wordpress\/segunda\/ca\/wp-json\/wp\/v2\/posts\/118670\/revisions"}],"wp:featuredmedia":[{"embeddable":true,"href":"https:\/\/www.tucomarca.com\/wordpress\/segunda\/ca\/wp-json\/wp\/v2\/media\/115981"}],"wp:attachment":[{"href":"https:\/\/www.tucomarca.com\/wordpress\/segunda\/ca\/wp-json\/wp\/v2\/media?parent=118670"}],"wp:term":[{"taxonomy":"category","embeddable":true,"href":"https:\/\/www.tucomarca.com\/wordpress\/segunda\/ca\/wp-json\/wp\/v2\/categories?post=118670"},{"taxonomy":"post_tag","embeddable":true,"href":"https:\/\/www.tucomarca.com\/wordpress\/segunda\/ca\/wp-json\/wp\/v2\/tags?post=118670"}],"curies":[{"name":"wp","href":"https:\/\/api.w.org\/{rel}","templated":true}]}}