{"id":118707,"date":"2020-11-10T23:00:33","date_gmt":"2020-11-10T22:00:33","guid":{"rendered":"http:\/\/www.tucomarca.com\/wordpress\/segunda\/?p=118707"},"modified":"2020-11-12T13:36:36","modified_gmt":"2020-11-12T12:36:36","slug":"la-unio-du-a-terme-un-projecte-pedagogic-en-centres-escolars-de-la-comunitat-sobre-la-produccio-ecologica-i-la-lluita-enfront-del-canvi-climatic","status":"publish","type":"post","link":"https:\/\/www.tucomarca.com\/wordpress\/segunda\/ca\/la-unio-du-a-terme-un-projecte-pedagogic-en-centres-escolars-de-la-comunitat-sobre-la-produccio-ecologica-i-la-lluita-enfront-del-canvi-climatic\/","title":{"rendered":"La Uni\u00f3 du a terme un projecte pedag\u00f2gic en centres escolars de la Comunitat sobre la producci\u00f3 ecol\u00f2gica i la lluita enfront del canvi clim\u00e0tic"},"content":{"rendered":"\n<h4 class=\"wp-block-heading\"><strong>L&#8217;organitzaci\u00f3 realitza tallers virtuals i presencials amb el suport de dos v\u00eddeos en qu\u00e8 s\u00f3n protagonistes els professionals de l&#8217;agricultura<\/strong><\/h4>\n\n\n\n<p>La Uni\u00f3 de Llauradors realitza en l&#8217;actualitat un projecte pedag\u00f2gic en centres escolars de la Comunitat Valenciana per a donar a con\u00e8ixer aquelles pr\u00e0ctiques agron\u00f2miques que estan compromeses amb la producci\u00f3 ecol\u00f2gica i la lluita contra el canvi clim\u00e0tic. S&#8217;engloba dins dels programes i projectes educatius i de formaci\u00f3 i divulgaci\u00f3 per a estrat\u00e8gies de dinamitzaci\u00f3 agroecol\u00f2giques de la Conselleria d&#8217;Agricultura, Desenvolupament Rural, Emerg\u00e8ncia Clim\u00e0tica i Transici\u00f3 Ecol\u00f2gica en l&#8217;\u00e0mbit de la Comunitat Valenciana, en la modalitat B.<\/p>\n\n\n\n<p>El projecte consisteix en uns tallers virtuals -i tamb\u00e9 presencials- per a l&#8217;alumnat de prim\u00e0ria i secund\u00e0ria on es presenten dos v\u00eddeos divulgatius en qu\u00e8 una agricultora i un agricultor menors de 40 anys expliquen quin \u00e9s el seu cultiu principal, la seua activitat di\u00e0ria, per\u00f2 tamb\u00e9 les seues aficions amb la intenci\u00f3 de mostrar que la professi\u00f3 de l&#8217;agricultura \u00e9s comparable a les altres.<\/p>\n\n\n\n<p>L&#8217;objectiu de la Uni\u00f3 \u00e9s promoure en l&#8217;alumnat i en el conjunt de la comunitat educativa uns coneixements, valors i actituds capa\u00e7os de generar una cultura de l&#8217;consum ecol\u00f2gic i responsable compromesa amb la lluita contra el canvi clim\u00e0tic.<\/p>\n\n\n\n<p>Teresa Llorca forma part de el projecte c\u00e8rcol, pel que conrea i comercialitza, amb la seua parella Miquel, arr\u00f2s certificat per la DO Arr\u00f2s de Val\u00e8ncia, al parc natural de l&#8217;Albufera, concretament a Sueca (Ribera Baixa). En el seu v\u00eddeo Ets sostenible?, a m\u00e9s d&#8217;enumerar algunes de les pr\u00e0ctiques sostenibles que realitza i de ensenyar-nos la import\u00e0ncia de l&#8217;consum de proximitat, Teresa exposa els motius que el van portar a ser arrossera despr\u00e9s d&#8217;haver estudiat filologia, comenta la seva afici\u00f3 a la fotografia i com \u00e9s el seu dia a dia en l&#8217;entorn d&#8217;un parc natural.<\/p>\n\n\n\n<p>Marc Joan Corihuela conrea carabasses i cols ecol\u00f2giques, certificades pel Comit\u00e8 d&#8217;Agricultura Ecol\u00f2gica de la Comunitat Valenciana (CAECV), a la localitat de Cullera (Ribera Baixa). En el seu v\u00eddeo Ets ecol\u00f2gic?, Marc ens ensenya els m\u00e8todes que utilitza per plantar les seves cols, els seus carabasses &#8220;de piu de burro&#8221; -que poden arribar a pesar fins a 35 quilos-, els motius pels quals va decidir quedar-se al seu poble natal per ser agricultor i el que podem fer nosaltres per lluitar contra el canvi clim\u00e0tic.<\/p>\n\n\n\n<p>A les xerrades-tallers de les escoles es parla sobre els cultius de la zona, els productes inclosos en les figures de qualitat diferenciada de la Comunitat Valenciana, sobre productes ecol\u00f2gics i de proximitat, preguntant sobre aquells segells identificatius amb la intenci\u00f3 d&#8217;intercanviar opinions i captar l&#8217;inter\u00e8s de l&#8217;alumnat.<\/p>\n\n\n\n<p>A continuaci\u00f3, es projecten els v\u00eddeos detenint per interactuar en directe amb el protagonista -en pres\u00e8ncia o en l\u00ednia-, de manera que aquestes persones han anat explicant o matisant el que s&#8217;estava veient, han argumentat les imatges i han est\u00e8s els coneixements, actituds, valors i pautes conduents a generar un consum ecol\u00f2gic i responsable. Despr\u00e9s de l&#8217;visionat de v\u00eddeo i interacci\u00f3 amb el protagonista es dedica la resta de l&#8217;taller a resoldre preguntes sobre la professi\u00f3 agr\u00e0ria i sobre els treballs que es realitzen en les seves explotacions i cultius per avan\u00e7ar cap a una producci\u00f3 i un model agroalimentari cada dia m\u00e9s equitatiu i sostenible. Informa, <strong>Luis Ib\u00e1\u00f1ez.<\/strong><\/p>\n\n\n\n<p><br><\/p>\n","protected":false},"excerpt":{"rendered":"<div class=\"mh-excerpt\">L&#8217;organitzaci\u00f3 realitza tallers virtuals i presencials amb el suport de dos v\u00eddeos en qu\u00e8 s\u00f3n protagonistes els professionals de l&#8217;agricultura La Uni\u00f3 de Llauradors realitza en l&#8217;actualitat un projecte pedag\u00f2gic en centres escolars de la <a class=\"mh-excerpt-more\" href=\"https:\/\/www.tucomarca.com\/wordpress\/segunda\/ca\/la-unio-du-a-terme-un-projecte-pedagogic-en-centres-escolars-de-la-comunitat-sobre-la-produccio-ecologica-i-la-lluita-enfront-del-canvi-climatic\/\" title=\"La Uni\u00f3 du a terme un projecte pedag\u00f2gic en centres escolars de la Comunitat sobre la producci\u00f3 ecol\u00f2gica i la lluita enfront del canvi clim\u00e0tic\">[+] <\/a><\/div>\n","protected":false},"author":12,"featured_media":118677,"comment_status":"open","ping_status":"open","sticky":false,"template":"","format":"standard","meta":{"footnotes":""},"categories":[11019,10905,10894,10904,10903,10947,10896],"tags":[8917,3545,11926],"class_list":{"0":"post-118707","1":"post","2":"type-post","3":"status-publish","4":"format-standard","5":"has-post-thumbnail","7":"category-agenda-ca","8":"category-agricultura-la-comarca-ca","9":"category-la-comarca-ca","10":"category-sin-categorizar-ca","11":"category-medio-ambiente-la-comarca-ca","12":"category-politica","13":"category-seccion-ca","14":"tag-agricultura-ecologica","15":"tag-comunitat-valenciana","16":"tag-la-unio-de-llauradors"},"_links":{"self":[{"href":"https:\/\/www.tucomarca.com\/wordpress\/segunda\/ca\/wp-json\/wp\/v2\/posts\/118707","targetHints":{"allow":["GET"]}}],"collection":[{"href":"https:\/\/www.tucomarca.com\/wordpress\/segunda\/ca\/wp-json\/wp\/v2\/posts"}],"about":[{"href":"https:\/\/www.tucomarca.com\/wordpress\/segunda\/ca\/wp-json\/wp\/v2\/types\/post"}],"author":[{"embeddable":true,"href":"https:\/\/www.tucomarca.com\/wordpress\/segunda\/ca\/wp-json\/wp\/v2\/users\/12"}],"replies":[{"embeddable":true,"href":"https:\/\/www.tucomarca.com\/wordpress\/segunda\/ca\/wp-json\/wp\/v2\/comments?post=118707"}],"version-history":[{"count":0,"href":"https:\/\/www.tucomarca.com\/wordpress\/segunda\/ca\/wp-json\/wp\/v2\/posts\/118707\/revisions"}],"wp:featuredmedia":[{"embeddable":true,"href":"https:\/\/www.tucomarca.com\/wordpress\/segunda\/ca\/wp-json\/wp\/v2\/media\/118677"}],"wp:attachment":[{"href":"https:\/\/www.tucomarca.com\/wordpress\/segunda\/ca\/wp-json\/wp\/v2\/media?parent=118707"}],"wp:term":[{"taxonomy":"category","embeddable":true,"href":"https:\/\/www.tucomarca.com\/wordpress\/segunda\/ca\/wp-json\/wp\/v2\/categories?post=118707"},{"taxonomy":"post_tag","embeddable":true,"href":"https:\/\/www.tucomarca.com\/wordpress\/segunda\/ca\/wp-json\/wp\/v2\/tags?post=118707"}],"curies":[{"name":"wp","href":"https:\/\/api.w.org\/{rel}","templated":true}]}}