{"id":119083,"date":"2020-11-14T10:16:09","date_gmt":"2020-11-14T09:16:09","guid":{"rendered":"http:\/\/www.tucomarca.com\/wordpress\/segunda\/?p=119083"},"modified":"2020-11-14T19:56:22","modified_gmt":"2020-11-14T18:56:22","slug":"las-peladas-un-homenatge-a-les-dones-republicanes-podra-veures-a-bunyol-divendres-que-ve-27-de-novembre","status":"publish","type":"post","link":"https:\/\/www.tucomarca.com\/wordpress\/segunda\/ca\/las-peladas-un-homenatge-a-les-dones-republicanes-podra-veures-a-bunyol-divendres-que-ve-27-de-novembre\/","title":{"rendered":"&#8220;Las peladas&#8221; un homenatge a les dones republicanes podr\u00e0 veure&#8217;s a Bunyol divendres que ve 27 de novembre"},"content":{"rendered":"\n<p>El teatre Montecarlo de Bunyol acollir\u00e0 el proper divendres 27 a les 19,30 h. &#8220;Les pelades&#8221;, recent i \u00faltim text i direcci\u00f3 de l&#8217;autor madrileny, David Rold\u00e1n-Oru. En el repartiment, Alfonso Rodr\u00edguez, Sofia Cano i Laura Garmo.<\/p>\n\n\n\n<p>El text aborda els c\u00e0stigs que van patir, tant per la seva ideologia, que les unia el b\u00e0ndol republic\u00e0, com pel fet de ser dones, un homenatge a les dones que van ser humiliades durant la Guerra Civil per ser mares, esposes i filles de presumptes vermells . L&#8217;escenografia i la il\u00b7luminaci\u00f3 conformen la precisa creaci\u00f3 d&#8217;un ambient l\u00fagubre que va convertint-se en ideol\u00f2gicament radiant.<\/p>\n\n\n\n<p>Les entrades per a l&#8217;obra &#8220;Les pelades&#8221; ja estan a la venda a Bu\u00f1ol en Roba i complements Marina, Quiosc Desi, Drogueria La Pla\u00e7a i Biblioteca Municipal a l&#8217;preu de 10 euros, a taquilla el dia de la funci\u00f3, 12 euros.<\/p>\n\n\n\n<p>Aforament limitat i mesures de seguretat anti-Covid19.<\/p>\n","protected":false},"excerpt":{"rendered":"<div class=\"mh-excerpt\">El teatre Montecarlo de Bunyol acollir\u00e0 el proper divendres 27 a les 19,30 h. &#8220;Les pelades&#8221;, recent i \u00faltim text i direcci\u00f3 de l&#8217;autor madrileny, David Rold\u00e1n-Oru. En el repartiment, Alfonso Rodr\u00edguez, Sofia Cano i <a class=\"mh-excerpt-more\" href=\"https:\/\/www.tucomarca.com\/wordpress\/segunda\/ca\/las-peladas-un-homenatge-a-les-dones-republicanes-podra-veures-a-bunyol-divendres-que-ve-27-de-novembre\/\" title=\"&#8220;Las peladas&#8221; un homenatge a les dones republicanes podr\u00e0 veure&#8217;s a Bunyol divendres que ve 27 de novembre\">[+] <\/a><\/div>\n","protected":false},"author":12,"featured_media":119081,"comment_status":"open","ping_status":"open","sticky":false,"template":"","format":"standard","meta":{"footnotes":""},"categories":[11019,10911,10894,10912,10896],"tags":[10385,5952,3614],"class_list":{"0":"post-119083","1":"post","2":"type-post","3":"status-publish","4":"format-standard","5":"has-post-thumbnail","7":"category-agenda-ca","8":"category-bunol-ca","9":"category-la-comarca-ca","10":"category-la-hoya-ca","11":"category-seccion-ca","12":"tag-bunol","13":"tag-la-hoya-de-bunol-chiva","14":"tag-teatro-montecarlo"},"_links":{"self":[{"href":"https:\/\/www.tucomarca.com\/wordpress\/segunda\/ca\/wp-json\/wp\/v2\/posts\/119083","targetHints":{"allow":["GET"]}}],"collection":[{"href":"https:\/\/www.tucomarca.com\/wordpress\/segunda\/ca\/wp-json\/wp\/v2\/posts"}],"about":[{"href":"https:\/\/www.tucomarca.com\/wordpress\/segunda\/ca\/wp-json\/wp\/v2\/types\/post"}],"author":[{"embeddable":true,"href":"https:\/\/www.tucomarca.com\/wordpress\/segunda\/ca\/wp-json\/wp\/v2\/users\/12"}],"replies":[{"embeddable":true,"href":"https:\/\/www.tucomarca.com\/wordpress\/segunda\/ca\/wp-json\/wp\/v2\/comments?post=119083"}],"version-history":[{"count":0,"href":"https:\/\/www.tucomarca.com\/wordpress\/segunda\/ca\/wp-json\/wp\/v2\/posts\/119083\/revisions"}],"wp:featuredmedia":[{"embeddable":true,"href":"https:\/\/www.tucomarca.com\/wordpress\/segunda\/ca\/wp-json\/wp\/v2\/media\/119081"}],"wp:attachment":[{"href":"https:\/\/www.tucomarca.com\/wordpress\/segunda\/ca\/wp-json\/wp\/v2\/media?parent=119083"}],"wp:term":[{"taxonomy":"category","embeddable":true,"href":"https:\/\/www.tucomarca.com\/wordpress\/segunda\/ca\/wp-json\/wp\/v2\/categories?post=119083"},{"taxonomy":"post_tag","embeddable":true,"href":"https:\/\/www.tucomarca.com\/wordpress\/segunda\/ca\/wp-json\/wp\/v2\/tags?post=119083"}],"curies":[{"name":"wp","href":"https:\/\/api.w.org\/{rel}","templated":true}]}}