{"id":119328,"date":"2020-11-16T17:00:35","date_gmt":"2020-11-16T16:00:35","guid":{"rendered":"http:\/\/www.tucomarca.com\/wordpress\/segunda\/?p=119328"},"modified":"2020-11-16T17:20:36","modified_gmt":"2020-11-16T16:20:36","slug":"video-del-sorteig-el-club-esportiu-bunyol-rebra-com-a-local-el-16-de-desembre-a-lelx-cf","status":"publish","type":"post","link":"https:\/\/www.tucomarca.com\/wordpress\/segunda\/ca\/video-del-sorteig-el-club-esportiu-bunyol-rebra-com-a-local-el-16-de-desembre-a-lelx-cf\/","title":{"rendered":"V\u00eddeo del sorteig: El Club Esportiu Bunyol rebr\u00e0 com a local el 16 de desembre a l&#8217;Elx CF"},"content":{"rendered":"\n<figure class=\"wp-block-embed-youtube wp-block-embed is-type-video is-provider-youtube wp-embed-aspect-16-9 wp-has-aspect-ratio\"><div class=\"wp-block-embed__wrapper\">\nhttps:\/\/youtu.be\/SmJ9GWENYgw\n<\/div><\/figure>\n\n\n\n<p>Sorteig: El Club Esportiu Bunyol rebr\u00e0 com a local el 16 de desembre a l&#8217;Elx CF amb el qual es mesurar\u00e0 a partit \u00fanic a la Copa de Sa Majestat El Rei 2020-21.<\/p>\n","protected":false},"excerpt":{"rendered":"<div class=\"mh-excerpt\">Sorteig: El Club Esportiu Bunyol rebr\u00e0 com a local el 16 de desembre a l&#8217;Elx CF amb el qual es mesurar\u00e0 a partit \u00fanic a la Copa de Sa Majestat El Rei 2020-21.<\/div>\n","protected":false},"author":1,"featured_media":119326,"comment_status":"open","ping_status":"open","sticky":false,"template":"","format":"video","meta":{"footnotes":""},"categories":[10911,11015,11003,10898,10904,10912,10896,11062],"tags":[537,11126,12728,12752,10379,11074,5952,10914],"class_list":{"0":"post-119328","1":"post","2":"type-post","3":"status-publish","4":"format-video","5":"has-post-thumbnail","7":"category-bunol-ca","8":"category-canal-futbol","9":"category-sports","10":"category-ventana-ca","11":"category-sin-categorizar-ca","12":"category-la-hoya-ca","13":"category-seccion-ca","14":"category-videos","15":"tag-cd-bunol","16":"tag-cd-bunol-ca","17":"tag-copa-del-rey","18":"tag-copa-del-rey-ca","19":"tag-deportes","20":"tag-deportes-ca","21":"tag-la-hoya-de-bunol-chiva","22":"tag-la-hoya-de-bunol-chiva-ca","23":"post_format-post-format-video"},"_links":{"self":[{"href":"https:\/\/www.tucomarca.com\/wordpress\/segunda\/ca\/wp-json\/wp\/v2\/posts\/119328","targetHints":{"allow":["GET"]}}],"collection":[{"href":"https:\/\/www.tucomarca.com\/wordpress\/segunda\/ca\/wp-json\/wp\/v2\/posts"}],"about":[{"href":"https:\/\/www.tucomarca.com\/wordpress\/segunda\/ca\/wp-json\/wp\/v2\/types\/post"}],"author":[{"embeddable":true,"href":"https:\/\/www.tucomarca.com\/wordpress\/segunda\/ca\/wp-json\/wp\/v2\/users\/1"}],"replies":[{"embeddable":true,"href":"https:\/\/www.tucomarca.com\/wordpress\/segunda\/ca\/wp-json\/wp\/v2\/comments?post=119328"}],"version-history":[{"count":0,"href":"https:\/\/www.tucomarca.com\/wordpress\/segunda\/ca\/wp-json\/wp\/v2\/posts\/119328\/revisions"}],"wp:featuredmedia":[{"embeddable":true,"href":"https:\/\/www.tucomarca.com\/wordpress\/segunda\/ca\/wp-json\/wp\/v2\/media\/119326"}],"wp:attachment":[{"href":"https:\/\/www.tucomarca.com\/wordpress\/segunda\/ca\/wp-json\/wp\/v2\/media?parent=119328"}],"wp:term":[{"taxonomy":"category","embeddable":true,"href":"https:\/\/www.tucomarca.com\/wordpress\/segunda\/ca\/wp-json\/wp\/v2\/categories?post=119328"},{"taxonomy":"post_tag","embeddable":true,"href":"https:\/\/www.tucomarca.com\/wordpress\/segunda\/ca\/wp-json\/wp\/v2\/tags?post=119328"}],"curies":[{"name":"wp","href":"https:\/\/api.w.org\/{rel}","templated":true}]}}