{"id":119362,"date":"2020-11-16T21:00:46","date_gmt":"2020-11-16T20:00:46","guid":{"rendered":"http:\/\/www.tucomarca.com\/wordpress\/segunda\/?p=119362"},"modified":"2020-11-17T07:04:19","modified_gmt":"2020-11-17T06:04:19","slug":"riba-roja-de-turia-augmenta-un-82-la-seua-renda-bruta-anual-i-se-situa-en-un-total-de-28-146-euros","status":"publish","type":"post","link":"https:\/\/www.tucomarca.com\/wordpress\/segunda\/ca\/riba-roja-de-turia-augmenta-un-82-la-seua-renda-bruta-anual-i-se-situa-en-un-total-de-28-146-euros\/","title":{"rendered":"Riba-roja de T\u00faria augmenta un 8&#8217;2% la seua renda bruta anual i se situa en un total de 28.146 euros"},"content":{"rendered":"\n<h4 class=\"wp-block-heading\"><strong>El municipi millora en 2.135 euros la renda mitjana des de l&#8217;any 2015<\/strong><\/h4>\n\n\n\n<p>L&#8217;Ag\u00e8ncia Tribut\u00e0ria d&#8217;Espanya ha fet p\u00fabliques les dades corresponents a l&#8217;exercici fiscal de 2018 i en ells es despr\u00e8n que a Riba-roja de T\u00faria la renda mitjana anual bruta va ser de 28.146 euros, \u00e9s a dir, un 8&#8217;2% de millora respecte de les xifres de l&#8217;exercici de l&#8217;exercici de 2015, a m\u00e9s, el nombre de declaracions de l&#8217;impost de la renda de les persones f\u00edsiques (IRPF) s&#8217;ha incrementat en 993 persones a el passar dels 9.507 l&#8217;any 2015 als 10.500 de l&#8217;actualitat.<\/p>\n\n\n\n<p>L&#8217;informe de l&#8217;Ag\u00e8ncia Tribut\u00e0ria situa a Riba-roja de T\u00faria en el cinqu\u00e8 lloc de la comarca de Camp de T\u00faria en renda mitjana bruta, despr\u00e9s de B\u00e9tera amb 36.679 euros, l&#8217;Eliana amb 35.927 euros, San Antonio de Benag\u00e9ber amb 35.377 euros i, finalment, N\u00e0quera amb 28.671 euros. En l&#8217;\u00e0mbit de la Comunitat Valenciana, Riba-roja es col\u00b7loca en el lloc 17 mentre que en el conjunt d&#8217;Espanya ocupaci\u00f3 la posici\u00f3 360.<\/p>\n\n\n\n<p>Les estad\u00edstiques de l&#8217;Ag\u00e8ncia Tribut\u00e0ria demostren una progressiva millora en la renda mitjana anual bruta a el passar dels 26.011 euros de l&#8217;any 2015 als 26.771 de l&#8217;exercici fiscal de 2016, a continuaci\u00f3, als 26.879 euros l&#8217;any 2017 i, finalment, fins els 28.146 euros de l&#8217;actualitat. En renda disponible, despr\u00e9s d&#8217;impostos, Riba-roja ha passat dels 21.291 de l&#8217;any 2015 als 22.825 euros el 2018.<\/p>\n\n\n\n<p>Pel que fa a les declaracions de la renda presentades pels contribuents de Riba-roja de T\u00faria, tamb\u00e9 s&#8217;han incrementat en un total de 993 des de l&#8217;any 2015 quan es van presentar 9.507, m\u00e9s tard van passar a 9.657 en l&#8217;any 2016, a continuaci\u00f3, fins als 10.049 en l&#8217;exercici fiscal de l&#8217;any 2017 i, finalment, es van passar fins a les 10.500 de l&#8217;any 2018.<\/p>\n\n\n\n<p>Les xifres de l&#8217;Ag\u00e8ncia Tribut\u00e0ria destaquen els 239&#8217;6 milions d&#8217;euros que els contribuents de Riba-roja de T\u00faria van declarar en total al llarg de l&#8217;any 2018 mentre que les rendes procedents del capital immobiliari van suposar un total de 5&#8217;7 milions d&#8217;euros. Finalment, les rendes corresponents a les activitats econ\u00f2miques a la localitat es van situar en 18&#8217;8 milions d&#8217;euros en total.<\/p>\n\n\n\n<p>En el mateix informe de l&#8217;Ministeri d&#8217;Hisenda es constata que les cotitzacions socials a la Seguretat Social es van situar en un total de 13&#8217;3 milions d&#8217;euros mentre que les quotes resultants de l&#8217;autoliquidaci\u00f3 van arribar als 42&#8217;5 milions d&#8217;euros a Riba-roja de T\u00faria, de manera que la renda disponible global es va situar en un total de 239&#8217;6 milions d&#8217;euros.<\/p>\n\n\n\n<p>Les estad\u00edstiques de Riba-roja de T\u00faria assenyalen que es van declarar un total de 8.137 fills per part de tots els contribuents en les seues corresponents declaracions de la renda, amb una mitjana de 1&#8217;61 fills en total, a m\u00e9s es van realitzar 496 declaracions amb deducci\u00f3 per maternitat, altres 351 per deduccions en increment per despeses en guarderia o centre d&#8217;educaci\u00f3 infantil autoritzats o les 345 per deducci\u00f3 per descendents, ascendents o c\u00f2njuges amb discapacitat o les 428 declaracions per deducci\u00f3 per fam\u00edlia nombrosa o assimilada.<\/p>\n\n\n\n<p>L&#8217;Ag\u00e8ncia Tribut\u00e0ria subratlla en el seu informe que les deduccions per l&#8217;habitatge habitual es van situar en 2.955 declaracions per un valor econ\u00f2mic total de 1&#8217;7 milions d&#8217;euros. A m\u00e9s, un total de 2.617 declaracions van resultar a ingressar amb un total global de 5 milions d&#8217;euros i una mitjana de 1.915 euros mentre que aquelles que van resultar a tornar van ser 7.519 per valor de 5&#8217;9 milions d&#8217;euros i una mitjana de 793 euros de mitjana.<\/p>\n\n\n\n<p>L&#8217;alcalde de Riba-roja de T\u00faria, Robert Raga, ha assenyalat que aquestes xifres de l&#8217;Ag\u00e8ncia Tribut\u00e0ria &#8220;posen de manifest una millora experimentada des de l&#8217;any 2015 fins a l&#8217;actualitat i, encara que s\u00f3n positives en general, hem de ser molt prudents ja que estem vivint una situaci\u00f3 excepcional per la qual necessitem un esfor\u00e7 entre totes les parts de la societat i, per aix\u00f2, des de l&#8217;administraci\u00f3 local continuarem en la mateixa senda de el benestar i el progr\u00e9s&#8221;.<\/p>\n","protected":false},"excerpt":{"rendered":"<div class=\"mh-excerpt\">El municipi millora en 2.135 euros la renda mitjana des de l&#8217;any 2015 L&#8217;Ag\u00e8ncia Tribut\u00e0ria d&#8217;Espanya ha fet p\u00fabliques les dades corresponents a l&#8217;exercici fiscal de 2018 i en ells es despr\u00e8n que a Riba-roja <a class=\"mh-excerpt-more\" href=\"https:\/\/www.tucomarca.com\/wordpress\/segunda\/ca\/riba-roja-de-turia-augmenta-un-82-la-seua-renda-bruta-anual-i-se-situa-en-un-total-de-28-146-euros\/\" title=\"Riba-roja de T\u00faria augmenta un 8&#8217;2% la seua renda bruta anual i se situa en un total de 28.146 euros\">[+] <\/a><\/div>\n","protected":false},"author":12,"featured_media":119236,"comment_status":"open","ping_status":"open","sticky":false,"template":"","format":"standard","meta":{"footnotes":""},"categories":[10937,10892,10948,10894,10893,10936,10947,10906,10934,10896],"tags":[10395,8900],"class_list":{"0":"post-119362","1":"post","2":"type-post","3":"status-publish","4":"format-standard","5":"has-post-thumbnail","7":"category-betera-ca","8":"category-camp-de-turia-ca","9":"category-infraestructuras-ca","10":"category-la-comarca-ca","11":"category-leliana-ca","12":"category-naquera-ca","13":"category-politica","14":"category-riba-roja-ca","15":"category-san-antonio-de-benageber-ca","16":"category-seccion-ca","17":"tag-camp-de-turia","18":"tag-riba-roja-del-turia"},"_links":{"self":[{"href":"https:\/\/www.tucomarca.com\/wordpress\/segunda\/ca\/wp-json\/wp\/v2\/posts\/119362","targetHints":{"allow":["GET"]}}],"collection":[{"href":"https:\/\/www.tucomarca.com\/wordpress\/segunda\/ca\/wp-json\/wp\/v2\/posts"}],"about":[{"href":"https:\/\/www.tucomarca.com\/wordpress\/segunda\/ca\/wp-json\/wp\/v2\/types\/post"}],"author":[{"embeddable":true,"href":"https:\/\/www.tucomarca.com\/wordpress\/segunda\/ca\/wp-json\/wp\/v2\/users\/12"}],"replies":[{"embeddable":true,"href":"https:\/\/www.tucomarca.com\/wordpress\/segunda\/ca\/wp-json\/wp\/v2\/comments?post=119362"}],"version-history":[{"count":0,"href":"https:\/\/www.tucomarca.com\/wordpress\/segunda\/ca\/wp-json\/wp\/v2\/posts\/119362\/revisions"}],"wp:featuredmedia":[{"embeddable":true,"href":"https:\/\/www.tucomarca.com\/wordpress\/segunda\/ca\/wp-json\/wp\/v2\/media\/119236"}],"wp:attachment":[{"href":"https:\/\/www.tucomarca.com\/wordpress\/segunda\/ca\/wp-json\/wp\/v2\/media?parent=119362"}],"wp:term":[{"taxonomy":"category","embeddable":true,"href":"https:\/\/www.tucomarca.com\/wordpress\/segunda\/ca\/wp-json\/wp\/v2\/categories?post=119362"},{"taxonomy":"post_tag","embeddable":true,"href":"https:\/\/www.tucomarca.com\/wordpress\/segunda\/ca\/wp-json\/wp\/v2\/tags?post=119362"}],"curies":[{"name":"wp","href":"https:\/\/api.w.org\/{rel}","templated":true}]}}