{"id":119432,"date":"2020-11-18T07:00:44","date_gmt":"2020-11-18T06:00:44","guid":{"rendered":"http:\/\/www.tucomarca.com\/wordpress\/segunda\/?p=119432"},"modified":"2020-11-18T11:22:04","modified_gmt":"2020-11-18T10:22:04","slug":"la-conselleria-de-transicio-ecologica-inicia-el-proces-per-a-regular-lagrocompostaje-de-proximitat-en-la-comunitat-valenciana","status":"publish","type":"post","link":"https:\/\/www.tucomarca.com\/wordpress\/segunda\/ca\/la-conselleria-de-transicio-ecologica-inicia-el-proces-per-a-regular-lagrocompostaje-de-proximitat-en-la-comunitat-valenciana\/","title":{"rendered":"La Conselleria de Transici\u00f3 Ecol\u00f2gica inicia el proc\u00e9s per a regular l&#8217;agrocompostaje de proximitat en la Comunitat Valenciana"},"content":{"rendered":"\n<p>La Conselleria d&#8217;Agricultura, Desenrotllament Rural, Emerg\u00e8ncia Clim\u00e0tica i Transici\u00f3 Ecol\u00f2gica ha iniciat el proc\u00e9s per a la regulaci\u00f3 de la nova normativa d&#8217;agrocompostajes en la Comunitat Valenciana. Amb esta mesura es pret\u00e9n avan\u00e7ar de manera pionera en els processos de reducci\u00f3 en la generaci\u00f3 de residus i autoconsum de proximitat, de restes agr\u00edcoles, ramaders, silv\u00edcoles i agroforestales.<\/p>\n\n\n\n<p>La consellera de l&#8217;organisme, Mireia Moll\u00e1 ha explicat que la nova normativa d&#8217;agrocompostaje t\u00e9 com a objectiu fonamental &#8220;establecer un marc normatiu de gesti\u00f3 sostenible d&#8217;este tipus de residus, en un entorn d&#8217;economia circular i de mitigaci\u00f3 de canvi clim\u00e0tic en el territori de la Comunitat Valenciana&#8221;.<\/p>\n","protected":false},"excerpt":{"rendered":"<div class=\"mh-excerpt\">La Conselleria d&#8217;Agricultura, Desenrotllament Rural, Emerg\u00e8ncia Clim\u00e0tica i Transici\u00f3 Ecol\u00f2gica ha iniciat el proc\u00e9s per a la regulaci\u00f3 de la nova normativa d&#8217;agrocompostajes en la Comunitat Valenciana. Amb esta mesura es pret\u00e9n avan\u00e7ar de manera <a class=\"mh-excerpt-more\" href=\"https:\/\/www.tucomarca.com\/wordpress\/segunda\/ca\/la-conselleria-de-transicio-ecologica-inicia-el-proces-per-a-regular-lagrocompostaje-de-proximitat-en-la-comunitat-valenciana\/\" title=\"La Conselleria de Transici\u00f3 Ecol\u00f2gica inicia el proc\u00e9s per a regular l&#8217;agrocompostaje de proximitat en la Comunitat Valenciana\">[+] <\/a><\/div>\n","protected":false},"author":12,"featured_media":119426,"comment_status":"open","ping_status":"open","sticky":false,"template":"","format":"standard","meta":{"footnotes":""},"categories":[10905,10948,10894,10904,10903,10909,10896],"tags":[13044,13045,13043],"class_list":{"0":"post-119432","1":"post","2":"type-post","3":"status-publish","4":"format-standard","5":"has-post-thumbnail","7":"category-agricultura-la-comarca-ca","8":"category-infraestructuras-ca","9":"category-la-comarca-ca","10":"category-sin-categorizar-ca","11":"category-medio-ambiente-la-comarca-ca","12":"category-requena-utiel-ca","13":"category-seccion-ca","14":"tag-agrocompostaje","15":"tag-compostaje","16":"tag-conselleria-de-transicion-ecologica"},"_links":{"self":[{"href":"https:\/\/www.tucomarca.com\/wordpress\/segunda\/ca\/wp-json\/wp\/v2\/posts\/119432","targetHints":{"allow":["GET"]}}],"collection":[{"href":"https:\/\/www.tucomarca.com\/wordpress\/segunda\/ca\/wp-json\/wp\/v2\/posts"}],"about":[{"href":"https:\/\/www.tucomarca.com\/wordpress\/segunda\/ca\/wp-json\/wp\/v2\/types\/post"}],"author":[{"embeddable":true,"href":"https:\/\/www.tucomarca.com\/wordpress\/segunda\/ca\/wp-json\/wp\/v2\/users\/12"}],"replies":[{"embeddable":true,"href":"https:\/\/www.tucomarca.com\/wordpress\/segunda\/ca\/wp-json\/wp\/v2\/comments?post=119432"}],"version-history":[{"count":0,"href":"https:\/\/www.tucomarca.com\/wordpress\/segunda\/ca\/wp-json\/wp\/v2\/posts\/119432\/revisions"}],"wp:featuredmedia":[{"embeddable":true,"href":"https:\/\/www.tucomarca.com\/wordpress\/segunda\/ca\/wp-json\/wp\/v2\/media\/119426"}],"wp:attachment":[{"href":"https:\/\/www.tucomarca.com\/wordpress\/segunda\/ca\/wp-json\/wp\/v2\/media?parent=119432"}],"wp:term":[{"taxonomy":"category","embeddable":true,"href":"https:\/\/www.tucomarca.com\/wordpress\/segunda\/ca\/wp-json\/wp\/v2\/categories?post=119432"},{"taxonomy":"post_tag","embeddable":true,"href":"https:\/\/www.tucomarca.com\/wordpress\/segunda\/ca\/wp-json\/wp\/v2\/tags?post=119432"}],"curies":[{"name":"wp","href":"https:\/\/api.w.org\/{rel}","templated":true}]}}