{"id":119444,"date":"2020-11-17T23:45:08","date_gmt":"2020-11-17T22:45:08","guid":{"rendered":"http:\/\/www.tucomarca.com\/wordpress\/segunda\/?p=119444"},"modified":"2020-11-18T11:12:39","modified_gmt":"2020-11-18T10:12:39","slug":"el-centre-de-salut-publica-dutiel-i-el-departament-de-salut-de-requena-apellen-a-la-responsabilitat-social-davant-de-laugment-de-positius","status":"publish","type":"post","link":"https:\/\/www.tucomarca.com\/wordpress\/segunda\/ca\/el-centre-de-salut-publica-dutiel-i-el-departament-de-salut-de-requena-apellen-a-la-responsabilitat-social-davant-de-laugment-de-positius\/","title":{"rendered":"El Centre de Salut P\u00fablica d&#8217;Utiel i el Departament de Salut de Requena apel\u00b7len a la responsabilitat social davant de l&#8217;augment de positius"},"content":{"rendered":"\n<h4 class=\"wp-block-heading\"><strong>La Conselleria de Sanitat confirma 297 casos en els \u00faltims 14 dies i la incid\u00e8ncia acumulada aconseguix els 576,82 positius per 100.000 habitants.<\/strong><\/h4>\n\n\n\n<p>La directora del Centro de Salud P\u00fablica de Utiel, Ana Gimeno,&nbsp; y el director gerente del Departamento de Salud de Requena, Leandro Quiles, manten\u00edan ayer una reuni\u00f3n en Utiel con alcaldes y concejales de sanidad de los municipios de Camporrobles, Caudete de las Fuentes, Fuenterrobles, Sinarcas, Utiel, Venta del Moro y Villargordo del Cabriel para informarles del considerable aumento de casos positivos por Covid registrados en las \u00faltimas semanas en la zona.<\/p>\n\n\n\n<p>En este encuentro, los responsables sanitarios detallaban la complicada situaci\u00f3n que esta segunda ola de coronavirus est\u00e1 provocando con un notable aumento de PCR positivas en la comarca.<\/p>\n\n\n\n<p>De acuerdo a los datos actualizados hoy por la Conselleria de Sanidad, en los \u00faltimos 14 d\u00edas, el Departamento de Salud de Requena ha registrado 297 nuevos casos de coronavirus confirmados, la mayor\u00eda de ellos de origen social, y la incidencia acumulada en las dos \u00faltimas semanas asciende a 576,82 casos por 100.000 habitantes, rango calificado de riesgo extremo.<\/p>\n\n\n\n<p>Ante este escenario adverso y la tendencia al alza de pacientes ingresados por&nbsp; coronavirus, las autoridades sanitarias y los representantes municipales hacen un llamamiento urgente a la responsabilidad social para que la ciudadan\u00eda tome conciencia y aplique con rigurosidad las medidas adoptadas para frenar la propagaci\u00f3n del virus. De lo contrario, el aumento de casos podr\u00eda obligar a aplicar restricciones m\u00e1s severas para doblegar la curva.<\/p>\n\n\n\n<p>El uso correcto de la mascarilla, la distancia social, la higiene de manos y la reducci\u00f3n de reuniones sociales son algunos de los factores clave para conseguir disminuir el n\u00famero de casos de coronavirus, que desgraciadamente sigue creciendo y afectando tanto a mayores como a j\u00f3venes.&nbsp;<\/p>\n\n\n\n<p>Una situaci\u00f3n de alerta que obliga a ser m\u00e1s prudentes y responsables que nunca para intentar aplanar la curva y evitar que el n\u00famero de brotes siga aumentando.<\/p>\n\n\n\n<p><strong>Medidas extraordinarias COVID en Utiel<\/strong><\/p>\n\n\n\n<p>Teniendo en cuenta estos datos, el Ayuntamiento de Utiel ha decidido aplicar medidas adicionales a las ya aprobadas por las administraciones sanitarias con el objetivo primordial de mitigar la propagaci\u00f3n del virus.<\/p>\n\n\n\n<p>As\u00ed, ma\u00f1ana mi\u00e9rcoles se reanudar\u00e1 la desinfecci\u00f3n viaria intensiva en Utiel y pedan\u00edas, que se sumar\u00e1 a la que ya viene realiz\u00e1ndose diariamente en parques y jardines del municipio.<\/p>\n\n\n\n<p>Adem\u00e1s, se continuar\u00e1n limitando los aforos en edificios p\u00fablicos y s\u00f3lo se permitir\u00e1 el acceso a las instalaciones deportivas municipales a aquellos vecinos\/as residentes en Utiel para reducir en la medida de lo posible la movilidad de personas en el territorio.<\/p>\n\n\n\n<p>De acuerdo a la evoluci\u00f3n de la situaci\u00f3n epidemiol\u00f3gica, el consistorio se plantear\u00e1 la aplicaci\u00f3n de m\u00e1s restricciones en pr\u00f3ximos d\u00edas.&nbsp;<\/p>\n","protected":false},"excerpt":{"rendered":"<div class=\"mh-excerpt\">La Conselleria de Sanitat confirma 297 casos en els \u00faltims 14 dies i la incid\u00e8ncia acumulada aconseguix els 576,82 positius per 100.000 habitants. La directora del Centro de Salud P\u00fablica de Utiel, Ana Gimeno,&nbsp; y <a class=\"mh-excerpt-more\" href=\"https:\/\/www.tucomarca.com\/wordpress\/segunda\/ca\/el-centre-de-salut-publica-dutiel-i-el-departament-de-salut-de-requena-apellen-a-la-responsabilitat-social-davant-de-laugment-de-positius\/\" title=\"El Centre de Salut P\u00fablica d&#8217;Utiel i el Departament de Salut de Requena apel\u00b7len a la responsabilitat social davant de l&#8217;augment de positius\">[+] <\/a><\/div>\n","protected":false},"author":12,"featured_media":119443,"comment_status":"open","ping_status":"open","sticky":false,"template":"","format":"standard","meta":{"footnotes":""},"categories":[11010,12202,10898,10894,10909,10896,11059],"tags":[11939,11940,10910,11174],"class_list":{"0":"post-119444","1":"post","2":"type-post","3":"status-publish","4":"format-standard","5":"has-post-thumbnail","7":"category-canal-salud","8":"category-covid-19-ca","9":"category-ventana-ca","10":"category-la-comarca-ca","11":"category-requena-utiel-ca","12":"category-seccion-ca","13":"category-utiel-ca","14":"tag-coronavirus-ca","15":"tag-covid-19-ca","16":"tag-requena-utiel-ca","17":"tag-utiel-ca"},"_links":{"self":[{"href":"https:\/\/www.tucomarca.com\/wordpress\/segunda\/ca\/wp-json\/wp\/v2\/posts\/119444","targetHints":{"allow":["GET"]}}],"collection":[{"href":"https:\/\/www.tucomarca.com\/wordpress\/segunda\/ca\/wp-json\/wp\/v2\/posts"}],"about":[{"href":"https:\/\/www.tucomarca.com\/wordpress\/segunda\/ca\/wp-json\/wp\/v2\/types\/post"}],"author":[{"embeddable":true,"href":"https:\/\/www.tucomarca.com\/wordpress\/segunda\/ca\/wp-json\/wp\/v2\/users\/12"}],"replies":[{"embeddable":true,"href":"https:\/\/www.tucomarca.com\/wordpress\/segunda\/ca\/wp-json\/wp\/v2\/comments?post=119444"}],"version-history":[{"count":0,"href":"https:\/\/www.tucomarca.com\/wordpress\/segunda\/ca\/wp-json\/wp\/v2\/posts\/119444\/revisions"}],"wp:featuredmedia":[{"embeddable":true,"href":"https:\/\/www.tucomarca.com\/wordpress\/segunda\/ca\/wp-json\/wp\/v2\/media\/119443"}],"wp:attachment":[{"href":"https:\/\/www.tucomarca.com\/wordpress\/segunda\/ca\/wp-json\/wp\/v2\/media?parent=119444"}],"wp:term":[{"taxonomy":"category","embeddable":true,"href":"https:\/\/www.tucomarca.com\/wordpress\/segunda\/ca\/wp-json\/wp\/v2\/categories?post=119444"},{"taxonomy":"post_tag","embeddable":true,"href":"https:\/\/www.tucomarca.com\/wordpress\/segunda\/ca\/wp-json\/wp\/v2\/tags?post=119444"}],"curies":[{"name":"wp","href":"https:\/\/api.w.org\/{rel}","templated":true}]}}