{"id":119463,"date":"2020-11-18T10:00:32","date_gmt":"2020-11-18T09:00:32","guid":{"rendered":"http:\/\/www.tucomarca.com\/wordpress\/segunda\/?p=119463"},"modified":"2020-11-18T14:08:54","modified_gmt":"2020-11-18T13:08:54","slug":"lequip-de-govern-socialista-inicia-millores-en-el-parc-poliesportiu-de-requena","status":"publish","type":"post","link":"https:\/\/www.tucomarca.com\/wordpress\/segunda\/ca\/lequip-de-govern-socialista-inicia-millores-en-el-parc-poliesportiu-de-requena\/","title":{"rendered":"L&#8217;equip de govern socialista inicia millores en el parc poliesportiu de Requena"},"content":{"rendered":"\n<p>Per a l&#8217;equip de govern socialista de Requena, promoure l&#8217;esport \u00e9s un dels pilars b\u00e0sics de les seues actuacions, aix\u00ed com mantenir i millorar les instal\u00b7lacions esportives del nostre municipi perqu\u00e8 la pr\u00e0ctica de qualsevol disciplina esportiva es puga dur a terme en les millors condicions possibles.<\/p>\n\n\n\n<p>Precisament, dins de la ja esmentada iniciativa s&#8217;han iniciat aquest dimarts 17 de novembre, les obres per adaptar i millorar la zona de calistenia de parc poliesportiu de Requena.<\/p>\n\n\n\n<p>Aix\u00ed mateix, es va a procedir a la instal\u00b7laci\u00f3 d&#8217;un nou parc infantil a aquest empla\u00e7ament.<\/p>\n\n\n\n<p>Pel que fa a la zona de calistenia, est\u00e0 previst que es restauren els elements esportius de la mateixa, encara que es van a canviar d&#8217;ubicaci\u00f3 dins del recinte de l&#8217;poliesportiu municipal, situant-se ara al costat de la zona en la qual es troba la pista multiesport, a m\u00e9s d&#8217;instal\u00b7lar-un paviment protector per garantir la seguretat de la pr\u00e0ctica d&#8217;aquesta disciplina esportiva.<\/p>\n\n\n\n<p>D&#8217;altra banda, en el lloc en el qual es trobava la zona de calistenia es crear\u00e0 un nou parc infantil i una solera amb bancs.<\/p>\n\n\n\n<p>Amb aquestes millores, des de l&#8217;equip de govern socialista de Requena vam demostrar un cop m\u00e9s el nostre comprom\u00eds amb l&#8217;esport en totes les seues disciplines, i no ho fem amb paraules, sin\u00f3 amb fets.<\/p>\n","protected":false},"excerpt":{"rendered":"<div class=\"mh-excerpt\">Per a l&#8217;equip de govern socialista de Requena, promoure l&#8217;esport \u00e9s un dels pilars b\u00e0sics de les seues actuacions, aix\u00ed com mantenir i millorar les instal\u00b7lacions esportives del nostre municipi perqu\u00e8 la pr\u00e0ctica de qualsevol <a class=\"mh-excerpt-more\" href=\"https:\/\/www.tucomarca.com\/wordpress\/segunda\/ca\/lequip-de-govern-socialista-inicia-millores-en-el-parc-poliesportiu-de-requena\/\" title=\"L&#8217;equip de govern socialista inicia millores en el parc poliesportiu de Requena\">[+] <\/a><\/div>\n","protected":false},"author":12,"featured_media":119461,"comment_status":"open","ping_status":"open","sticky":false,"template":"","format":"standard","meta":{"footnotes":""},"categories":[10948,10894,10947,10908,10909,10896],"tags":[11245,10388,10387],"class_list":{"0":"post-119463","1":"post","2":"type-post","3":"status-publish","4":"format-standard","5":"has-post-thumbnail","7":"category-infraestructuras-ca","8":"category-la-comarca-ca","9":"category-politica","10":"category-requena-ca","11":"category-requena-utiel-ca","12":"category-seccion-ca","13":"tag-psoe-requena","14":"tag-requena","15":"tag-requena-utiel"},"_links":{"self":[{"href":"https:\/\/www.tucomarca.com\/wordpress\/segunda\/ca\/wp-json\/wp\/v2\/posts\/119463","targetHints":{"allow":["GET"]}}],"collection":[{"href":"https:\/\/www.tucomarca.com\/wordpress\/segunda\/ca\/wp-json\/wp\/v2\/posts"}],"about":[{"href":"https:\/\/www.tucomarca.com\/wordpress\/segunda\/ca\/wp-json\/wp\/v2\/types\/post"}],"author":[{"embeddable":true,"href":"https:\/\/www.tucomarca.com\/wordpress\/segunda\/ca\/wp-json\/wp\/v2\/users\/12"}],"replies":[{"embeddable":true,"href":"https:\/\/www.tucomarca.com\/wordpress\/segunda\/ca\/wp-json\/wp\/v2\/comments?post=119463"}],"version-history":[{"count":0,"href":"https:\/\/www.tucomarca.com\/wordpress\/segunda\/ca\/wp-json\/wp\/v2\/posts\/119463\/revisions"}],"wp:featuredmedia":[{"embeddable":true,"href":"https:\/\/www.tucomarca.com\/wordpress\/segunda\/ca\/wp-json\/wp\/v2\/media\/119461"}],"wp:attachment":[{"href":"https:\/\/www.tucomarca.com\/wordpress\/segunda\/ca\/wp-json\/wp\/v2\/media?parent=119463"}],"wp:term":[{"taxonomy":"category","embeddable":true,"href":"https:\/\/www.tucomarca.com\/wordpress\/segunda\/ca\/wp-json\/wp\/v2\/categories?post=119463"},{"taxonomy":"post_tag","embeddable":true,"href":"https:\/\/www.tucomarca.com\/wordpress\/segunda\/ca\/wp-json\/wp\/v2\/tags?post=119463"}],"curies":[{"name":"wp","href":"https:\/\/api.w.org\/{rel}","templated":true}]}}