{"id":119493,"date":"2020-11-18T09:45:48","date_gmt":"2020-11-18T08:45:48","guid":{"rendered":"http:\/\/www.tucomarca.com\/wordpress\/segunda\/?p=119493"},"modified":"2020-11-18T14:53:56","modified_gmt":"2020-11-18T13:53:56","slug":"cinema-musica-per-santa-cecilia-i-exposicions-loferta-cultural-daquest-cap-de-setmana-a-bunyol","status":"publish","type":"post","link":"https:\/\/www.tucomarca.com\/wordpress\/segunda\/ca\/cinema-musica-per-santa-cecilia-i-exposicions-loferta-cultural-daquest-cap-de-setmana-a-bunyol\/","title":{"rendered":"Cinema, m\u00fasica per Santa Cec\u00edlia i exposicions, l&#8217;oferta cultural d&#8217;aquest cap de setmana a Bunyol"},"content":{"rendered":"\n<h4 class=\"wp-block-heading\"><strong>Juan Luis Pall\u00e1s, regidor de Cultura en l&#8217;Ajuntament de Bu\u00f1ol, anima a participar en el cicle Cine &amp; Documental, este divendres amb la projecci\u00f3 d&#8217;un nou documental. A m\u00e9s, recorda que es conclouen els actes en honor a Santa Cec\u00edlia per part del CIM La Arm\u00f3nica i que continuen obertes les dos exposicions presents en el Castillo de la localitat.<\/strong><\/h4>\n\n\n\n<p>La Regidoria de Cultura de l&#8217;Ajuntament de Bu\u00f1ol recorda que durant tot el mes de novembre continuen obertes les dues exposicions del Castell de la localitat. La d&#8217;el concurs de fotografia de l&#8217;Barri Sant Rafael, que est\u00e0 a l&#8217;Oficina de Turisme, i la de l&#8217;artista Toni L\u00f3pez, a la Sala de l&#8217;Oscurico. Totes dues es poden visitar els divendres, dissabtes i diumenges al mat\u00ed en horari de l&#8217;Oficina de Turisme, mentre que la de Toni L\u00f3pez tamb\u00e9 es pot veure a les tardes, de 16 a 19h.<br><\/p>\n\n\n\n<p>Juan Luis Pall\u00e0s, regidor de Cultura del consistori bunyolense, afegeix que aquest cap de setmana continuen els concerts al Palau de la M\u00fasica. Ser\u00e0 el dissabte a les 19h a c\u00e0rrec de la Banda Simf\u00f2nica de &#8220;La Arm\u00f3nica&#8221; de Bunyol, acte cloenda de Santa Cec\u00edlia, patrona dels m\u00fasics. El concert constar\u00e0 de dues parts. La primera de mans de l&#8217;ensemble de nous m\u00fasics i la segona a c\u00e0rrec de la Banda Simf\u00f2nica d&#8217;aquesta societat musical, dirigida per Jos\u00e9 Tello. A la primera s&#8217;interpretar\u00e0 Adagio from piano sonata Opus 13 i Spitfire. En la segona, Al\u00e8, Concert per a clarinet amb Mariano Cort\u00edas com a solista, Warsaw Concerto i l&#8217;Himne Litrero per finalitzar.<\/p>\n\n\n\n<p>A m\u00e9s, a la Sala Raga de el Mol\u00ed Gal\u00e1n, al costat de la Biblioteca Municipal de Bunyol, es projecta un nou documental, dins el Cicle Cinema &amp; Documental que va arrencar el mes de setembre, i que cada mes projecten una pel\u00b7l\u00edcula o documental valenci\u00e0, acompanyat de un petit di\u00e0leg entre els assistents. Ser\u00e0 a partir de les 19h. Es projectar\u00e0 &#8220;L&#8217;\u00faltim aviador&#8221;, dirigida per Francesc Betriu, a qui s&#8217;homenatjar\u00e0 despr\u00e9s d&#8217;estar recentment mort. Estar\u00e0 el productor Xavier Crespo, que explica que aquest documental conta la crua hist\u00f2ria real de Vicente Montejano, que despr\u00e9s de 75 anys relata la seua experi\u00e8ncia atrapat a la Uni\u00f3 Sovi\u00e8tica com a jove pilot republic\u00e0 a la fi de la guerra Civil Espanyola. &#8220;Reflecteix part de la vida d&#8217;uns quants espanyols, el parador era desconegut pels seus familiars, i que finalment van poder tornar a la seua terra. Ara ens ho explica, malgrat la seua elevada edat el protagonista, Vicente Montejano&#8221;, va explicar Crespo.<br><\/p>\n\n\n\n<p>El regidor Pall\u00e1s recorda que en tot moment se segueixen tots els protocols per evitar els contagis per Covid-19, tant \u00e9s aix\u00ed que l&#8217;aforament est\u00e0 limitat a 25 persones, per aix\u00f2 tots els que estiguen interessats a assistir s&#8217;han de posar en contacte amb la Biblioteca Municipal de Bunyol, a trav\u00e9s del tel\u00e8fon 96 250 07 51 o per mail a bibliotecabunyol@gmail.com<\/p>\n","protected":false},"excerpt":{"rendered":"<div class=\"mh-excerpt\">Juan Luis Pall\u00e1s, regidor de Cultura en l&#8217;Ajuntament de Bu\u00f1ol, anima a participar en el cicle Cine &amp; Documental, este divendres amb la projecci\u00f3 d&#8217;un nou documental. A m\u00e9s, recorda que es conclouen els actes <a class=\"mh-excerpt-more\" href=\"https:\/\/www.tucomarca.com\/wordpress\/segunda\/ca\/cinema-musica-per-santa-cecilia-i-exposicions-loferta-cultural-daquest-cap-de-setmana-a-bunyol\/\" title=\"Cinema, m\u00fasica per Santa Cec\u00edlia i exposicions, l&#8217;oferta cultural d&#8217;aquest cap de setmana a Bunyol\">[+] <\/a><\/div>\n","protected":false},"author":12,"featured_media":119492,"comment_status":"open","ping_status":"open","sticky":false,"template":"","format":"standard","meta":{"footnotes":""},"categories":[11019,10911,11005,10894,10912,11007,10896],"tags":[12103,10385,10563,5952,5106],"class_list":{"0":"post-119493","1":"post","2":"type-post","3":"status-publish","4":"format-standard","5":"has-post-thumbnail","7":"category-agenda-ca","8":"category-bunol-ca","9":"category-canal-musica","10":"category-la-comarca-ca","11":"category-la-hoya-ca","12":"category-ocio-y-cultura-ca","13":"category-seccion-ca","14":"tag-biblioteca-publica-municipal-de-bunol","15":"tag-bunol","16":"tag-cim-la-armonica-de-bunol","17":"tag-la-hoya-de-bunol-chiva","18":"tag-toni-lopez"},"_links":{"self":[{"href":"https:\/\/www.tucomarca.com\/wordpress\/segunda\/ca\/wp-json\/wp\/v2\/posts\/119493","targetHints":{"allow":["GET"]}}],"collection":[{"href":"https:\/\/www.tucomarca.com\/wordpress\/segunda\/ca\/wp-json\/wp\/v2\/posts"}],"about":[{"href":"https:\/\/www.tucomarca.com\/wordpress\/segunda\/ca\/wp-json\/wp\/v2\/types\/post"}],"author":[{"embeddable":true,"href":"https:\/\/www.tucomarca.com\/wordpress\/segunda\/ca\/wp-json\/wp\/v2\/users\/12"}],"replies":[{"embeddable":true,"href":"https:\/\/www.tucomarca.com\/wordpress\/segunda\/ca\/wp-json\/wp\/v2\/comments?post=119493"}],"version-history":[{"count":0,"href":"https:\/\/www.tucomarca.com\/wordpress\/segunda\/ca\/wp-json\/wp\/v2\/posts\/119493\/revisions"}],"wp:featuredmedia":[{"embeddable":true,"href":"https:\/\/www.tucomarca.com\/wordpress\/segunda\/ca\/wp-json\/wp\/v2\/media\/119492"}],"wp:attachment":[{"href":"https:\/\/www.tucomarca.com\/wordpress\/segunda\/ca\/wp-json\/wp\/v2\/media?parent=119493"}],"wp:term":[{"taxonomy":"category","embeddable":true,"href":"https:\/\/www.tucomarca.com\/wordpress\/segunda\/ca\/wp-json\/wp\/v2\/categories?post=119493"},{"taxonomy":"post_tag","embeddable":true,"href":"https:\/\/www.tucomarca.com\/wordpress\/segunda\/ca\/wp-json\/wp\/v2\/tags?post=119493"}],"curies":[{"name":"wp","href":"https:\/\/api.w.org\/{rel}","templated":true}]}}